{"id":518,"date":"2022-01-27T16:33:01","date_gmt":"2022-01-27T15:33:01","guid":{"rendered":"https:\/\/multisite.list-gmbh.de\/list-gmbh\/518-gruen-berlin-gmbh-platz-der-luftbruecke\/"},"modified":"2025-07-16T17:21:23","modified_gmt":"2025-07-16T15:21:23","slug":"gruen-berlin-gmbh-platz-der-luftbruecke","status":"publish","type":"post","link":"https:\/\/multisite.list-gmbh.de\/list-gmbh\/518-gruen-berlin-gmbh-platz-der-luftbruecke\/","title":{"rendered":"Gr\u00fcn Berlin GmbH | Platz der Luftbr\u00fccke"},"content":{"rendered":"<p>Im Auftrag der <a href=\"https:\/\/gruen-berlin.de\/\" target=\"_blank\" rel=\"noopener\">Gr\u00fcn Berlin Stiftung<\/a> \u00fcbernahmen wir gemeinsam mit unseren Kooperationspartner*innen von 2020 bis Ende 2023 die Kommunikation und Beteiligung aller betroffenen und interessierten Akteur*innen rund um die Umgestaltung des Platz der Luftbr\u00fccke.<\/p>\n<p><!--more--><\/p>\n<p>Die Umgestaltung des Platz der Luftbr\u00fccke ist ein Baustein hin zur nachhaltigen Stadtentwicklung Berlins, den Gr\u00fcn Berlin umsetzt. Im Jahr 2018 wurde ein freiraumplanerischer Wettbewerb durchgef\u00fchrt, dessen Ziel es war, L\u00f6sungen aufzuzeigen, wie der Platz der Luftbr\u00fccke von einem verkehrsgepr\u00e4gten Stadtraum hin zu einem urbanen, klimaresilienten Stadtquartier transformiert werden kann. Aus dem Wettbewerb ging der Entwurf von Bruun &amp; M\u00f6llers GmbH &amp; Co. KG Garten- und Landschaftsarchitektur Hamburg im September 2018 als Siegerentwurf hervor. Ihnen gelang es, die Bereiche beiderseits des Tempelhofer Dammes zu verbinden und gleichzeitig unterschiedliche R\u00e4ume zu schaffen.<\/p>\n<p>Der Entwurf gliedert den Platz der Luftbr\u00fccke insgesamt in 5 Teilbereiche mit unterschiedlichen Qualit\u00e4ten: 1. Aufwertung und Integration eines innovativen Regenwassermanagements am Gartendenkmal, 2. Aufwertung des Ehrenhofs vor dem ehemaligen Flughafengeb\u00e4ude mit k\u00fchlenden Wasser- und Nebelelementen, 3. Herstellung einer urbanen Piazza mit Wasserspiel und Sitzm\u00f6glichkeiten, 4. Neugestaltung und Reduzierung des Verkehrsaufkommens in der Manfred-von-Richthofenstra\u00dfe und 5. Herstellung eines Quartiersplatzes als nachbarschaftlicher Treffpunkt.<\/p>\n<p>&nbsp;<\/p>\n<p><span role=\"figure\" class=\"wf_caption\" style=\"margin-right: auto; margin-left: auto; display: block; max-width: 727px; width: 100%;\"><em><img loading=\"lazy\" decoding=\"async\" class=\" size-full wp-image-516\" src=\"https:\/\/multisite.list-gmbh.de\/list-gmbh\/wp-content\/uploads\/sites\/9\/2022\/01\/PDL_GB_BrunnenMoellers_GmbH_klein-48f-scaled.jpg\" width=\"727\" height=\"484\" alt=\"PDL GB BrunnenM\u00f6llers GmbH klein\" style=\"display: block; margin: initial; float: none;\" srcset=\"https:\/\/multisite.list-gmbh.de\/list-gmbh\/wp-content\/uploads\/sites\/9\/2022\/01\/PDL_GB_BrunnenMoellers_GmbH_klein-48f-scaled.jpg 2560w, https:\/\/multisite.list-gmbh.de\/list-gmbh\/wp-content\/uploads\/sites\/9\/2022\/01\/PDL_GB_BrunnenMoellers_GmbH_klein-48f-300x200.jpg 300w, https:\/\/multisite.list-gmbh.de\/list-gmbh\/wp-content\/uploads\/sites\/9\/2022\/01\/PDL_GB_BrunnenMoellers_GmbH_klein-48f-1024x683.jpg 1024w, https:\/\/multisite.list-gmbh.de\/list-gmbh\/wp-content\/uploads\/sites\/9\/2022\/01\/PDL_GB_BrunnenMoellers_GmbH_klein-48f-768x512.jpg 768w, https:\/\/multisite.list-gmbh.de\/list-gmbh\/wp-content\/uploads\/sites\/9\/2022\/01\/PDL_GB_BrunnenMoellers_GmbH_klein-48f-1536x1024.jpg 1536w, https:\/\/multisite.list-gmbh.de\/list-gmbh\/wp-content\/uploads\/sites\/9\/2022\/01\/PDL_GB_BrunnenMoellers_GmbH_klein-48f-2048x1365.jpg 2048w\" sizes=\"auto, (max-width: 727px) 100vw, 727px\" \/><\/em><\/span><em><span role=\"figure\" class=\"wf_caption\" style=\"margin-right: auto; margin-left: auto; display: block; max-width: 727px; width: 100%;\"><span style=\"display: block;\">Lageplan Platz der Luftbr\u00fccke (Grafik: Bruun &amp; M\u00f6llers GmbH)<\/span><\/span><\/em><\/p>\n<p>&nbsp;<\/p>\n<p>Als L.I.S.T. GmbH waren wir in diesem Vorhaben beauftragt, einerseits w\u00e4hrend der langen Planungsphase die \u00d6ffentlichkeit kontinuierlich \u00fcber den Stand der Planungen und die modellhafte Weiterentwicklung des Platz der Luftbr\u00fccke zu informieren. Andererseits schafften wir R\u00e4ume f\u00fcr alle Beteiligten und Interessierten und luden ein, Ideen zur freiraumplanerischen Gestaltung des Quartiersplatzes einzubringen.<\/p>\n<p>Zum Auftakt setzten wir im Namen der Gr\u00fcn Berlin Stiftung, der Senatsverwaltung f\u00fcr Umwelt, Verkehr und Klimaschutz sowie des Bezirks Tempelhof-Sch\u00f6nbergs im&nbsp; Dezember&nbsp; 2020&nbsp; eine&nbsp; digitale&nbsp; Veranstaltung&nbsp; zum&nbsp; Gesamtprojekt&nbsp; \u201ePlatz&nbsp; der&nbsp; Luftbr\u00fccke\u201c&nbsp; mit&nbsp; Dialog-Werkstatt zum Quartiersplatz um. In Kleingruppen wurden Ideen und&nbsp; Anregungen&nbsp; zur&nbsp; k\u00fcnftigen Gestaltung des Quartiersplatzes gesammelt. Parallel dazu fand auf mein.Berlin eine Online-Beteiligung statt. Die Veranstaltung wurde gro\u00dffl\u00e4chig beworben (Flyer, Plakate, Social Media, Pressemitteilung, Ausstellung vor Ort mit allgemeinen Infos zum Vorhaben).<\/p>\n<p>Im Fr\u00fchjahr 2022 wurden zwei weitere Beteiligungen umgesetzt: Eine zielgruppenspezifische Befragung der Gewerbetreibenden des n\u00f6rdlichen Abschnitts der Manfred-von-Richthofen-Stra\u00dfe sowie eine \u00f6ffentliche Veranstaltung zum gesamten westlichen Planungsbereichs. Besonderer Fokus lag dabei auf der Freiraumgestaltung des Quartiersplatzes.<\/p>\n<p>&nbsp;<\/p>\n<p><span role=\"figure\" class=\"wf_caption\" style=\"display: inline-block; max-width: 1126px; width: 100%;\"><img loading=\"lazy\" decoding=\"async\" class=\" size-full wp-image-517\" src=\"https:\/\/multisite.list-gmbh.de\/list-gmbh\/wp-content\/uploads\/sites\/9\/2022\/01\/LIST_PDL_LIST-cca-scaled.jpg\" width=\"1126\" height=\"412\" alt=\"LIST PDL LIST\" style=\"margin: initial; float: none; width: 100%;\" srcset=\"https:\/\/multisite.list-gmbh.de\/list-gmbh\/wp-content\/uploads\/sites\/9\/2022\/01\/LIST_PDL_LIST-cca-scaled.jpg 2560w, https:\/\/multisite.list-gmbh.de\/list-gmbh\/wp-content\/uploads\/sites\/9\/2022\/01\/LIST_PDL_LIST-cca-300x110.jpg 300w, https:\/\/multisite.list-gmbh.de\/list-gmbh\/wp-content\/uploads\/sites\/9\/2022\/01\/LIST_PDL_LIST-cca-1024x375.jpg 1024w, https:\/\/multisite.list-gmbh.de\/list-gmbh\/wp-content\/uploads\/sites\/9\/2022\/01\/LIST_PDL_LIST-cca-768x281.jpg 768w, https:\/\/multisite.list-gmbh.de\/list-gmbh\/wp-content\/uploads\/sites\/9\/2022\/01\/LIST_PDL_LIST-cca-1536x562.jpg 1536w, https:\/\/multisite.list-gmbh.de\/list-gmbh\/wp-content\/uploads\/sites\/9\/2022\/01\/LIST_PDL_LIST-cca-2048x749.jpg 2048w\" sizes=\"auto, (max-width: 1126px) 100vw, 1126px\" \/><\/span><em><span role=\"figure\" class=\"wf_caption\" style=\"display: inline-block; max-width: 1126px; width: 100%;\"><span style=\"display: block;\">Aufsteller, Info-Flyer zum Beteiligungsprojekt Platz der&nbsp;Luftbr\u00fccke (Fotos: L.I.S.T. GmbH)<\/span><\/span><\/em><\/p>\n<p>&nbsp;<\/p>\n<p>Fokus der Beteiligung: Information, Konsultation, Mitgestaltung<br \/>Formate der Beteiligung: Info-Flyer, vor-Ort Ausstellung, Dialog-Werkstatt, Online-Beteiligung, schriftliche Befragung, Info-Veranstaltung<br \/>weitere erbrachte Leistungen: kontinuierliche Beratung der Gr\u00fcn Berlin GmbH<br \/>Grundlage der Beteiligung: Leitlinien f\u00fcr Beteiligung von B\u00fcrgerinnen und B\u00fcrgern an Projekten und Prozessen der r\u00e4umlichen Stadtentwicklung<br \/>weitere Informationen zum Projekt: <a href=\"https:\/\/gruen-berlin.de\/projekte\/urbane-freiraeume\/platz-der-luftbruecke\/ueber-das-projekt\" target=\"_blank\" rel=\"noopener\">Platz-der-Luftbruecke<\/a><\/p>\n","protected":false},"excerpt":{"rendered":"<p>Im Auftrag der Gr\u00fcn Berlin Stiftung \u00fcbernahmen wir gemeinsam mit unseren Kooperationspartner*innen von 2020 bis Ende 2023 die Kommunikation und Beteiligung aller betroffenen und interessierten Akteur*innen rund um die Umgestaltung&hellip;<\/p>\n","protected":false},"author":61,"featured_media":516,"comment_status":"closed","ping_status":"closed","sticky":false,"template":"","format":"standard","meta":{"_acf_changed":false,"_uag_custom_page_level_css":"","footnotes":""},"categories":[10,34],"tags":[],"class_list":["post-518","post","type-post","status-publish","format-standard","has-post-thumbnail","hentry","category-partizipation","category-projekte-par"],"acf":[],"yoast_head":"<!-- This site is optimized with the Yoast SEO plugin v27.4 - https:\/\/yoast.com\/product\/yoast-seo-wordpress\/ -->\n<title>Gr\u00fcn Berlin GmbH | Platz der Luftbr\u00fccke - L.I.S.T. GmbH<\/title>\n<meta name=\"robots\" content=\"noindex, follow, max-snippet:-1, max-image-preview:large, max-video-preview:-1\" \/>\n<meta property=\"og:locale\" content=\"de_DE\" \/>\n<meta property=\"og:type\" content=\"article\" \/>\n<meta property=\"og:title\" content=\"Gr\u00fcn Berlin GmbH | Platz der Luftbr\u00fccke - L.I.S.T. GmbH\" \/>\n<meta property=\"og:description\" content=\"Im Auftrag der Gr\u00fcn Berlin Stiftung \u00fcbernahmen wir gemeinsam mit unseren Kooperationspartner*innen von 2020 bis Ende 2023 die Kommunikation und Beteiligung aller betroffenen und interessierten Akteur*innen rund um die Umgestaltung&hellip;\" \/>\n<meta property=\"og:url\" content=\"https:\/\/multisite.list-gmbh.de\/list-gmbh\/518-gruen-berlin-gmbh-platz-der-luftbruecke\/\" \/>\n<meta property=\"og:site_name\" content=\"L.I.S.T. GmbH\" \/>\n<meta property=\"article:published_time\" content=\"2022-01-27T15:33:01+00:00\" \/>\n<meta property=\"article:modified_time\" content=\"2025-07-16T15:21:23+00:00\" \/>\n<meta property=\"og:image\" content=\"https:\/\/multisite.list-gmbh.de\/list-gmbh\/wp-content\/uploads\/sites\/9\/2022\/01\/PDL_GB_BrunnenMoellers_GmbH_klein-48f-scaled.jpg\" \/>\n\t<meta property=\"og:image:width\" content=\"2560\" \/>\n\t<meta property=\"og:image:height\" content=\"1707\" \/>\n\t<meta property=\"og:image:type\" content=\"image\/jpeg\" \/>\n<meta name=\"author\" content=\"Christian Luchmann\" \/>\n<meta name=\"twitter:card\" content=\"summary_large_image\" \/>\n<meta name=\"twitter:label1\" content=\"Verfasst von\" \/>\n\t<meta name=\"twitter:data1\" content=\"Christian Luchmann\" \/>\n\t<meta name=\"twitter:label2\" content=\"Gesch\u00e4tzte Lesezeit\" \/>\n\t<meta name=\"twitter:data2\" content=\"2\u00a0Minuten\" \/>\n<script type=\"application\/ld+json\" class=\"yoast-schema-graph\">{\"@context\":\"https:\\\/\\\/schema.org\",\"@graph\":[{\"@type\":\"Article\",\"@id\":\"https:\\\/\\\/multisite.list-gmbh.de\\\/list-gmbh\\\/518-gruen-berlin-gmbh-platz-der-luftbruecke\\\/#article\",\"isPartOf\":{\"@id\":\"https:\\\/\\\/multisite.list-gmbh.de\\\/list-gmbh\\\/518-gruen-berlin-gmbh-platz-der-luftbruecke\\\/\"},\"author\":{\"name\":\"Christian Luchmann\",\"@id\":\"https:\\\/\\\/multisite.list-gmbh.de\\\/list-gmbh\\\/#\\\/schema\\\/person\\\/bae5041963dffaf3400f5c594a04a71a\"},\"headline\":\"Gr\u00fcn Berlin GmbH | Platz der Luftbr\u00fccke\",\"datePublished\":\"2022-01-27T15:33:01+00:00\",\"dateModified\":\"2025-07-16T15:21:23+00:00\",\"mainEntityOfPage\":{\"@id\":\"https:\\\/\\\/multisite.list-gmbh.de\\\/list-gmbh\\\/518-gruen-berlin-gmbh-platz-der-luftbruecke\\\/\"},\"wordCount\":474,\"image\":{\"@id\":\"https:\\\/\\\/multisite.list-gmbh.de\\\/list-gmbh\\\/518-gruen-berlin-gmbh-platz-der-luftbruecke\\\/#primaryimage\"},\"thumbnailUrl\":\"https:\\\/\\\/multisite.list-gmbh.de\\\/list-gmbh\\\/wp-content\\\/uploads\\\/sites\\\/9\\\/2022\\\/01\\\/PDL_GB_BrunnenMoellers_GmbH_klein-48f-scaled.jpg\",\"articleSection\":[\"Partizipation\",\"Projekte Par\"],\"inLanguage\":\"de\"},{\"@type\":\"WebPage\",\"@id\":\"https:\\\/\\\/multisite.list-gmbh.de\\\/list-gmbh\\\/518-gruen-berlin-gmbh-platz-der-luftbruecke\\\/\",\"url\":\"https:\\\/\\\/multisite.list-gmbh.de\\\/list-gmbh\\\/518-gruen-berlin-gmbh-platz-der-luftbruecke\\\/\",\"name\":\"Gr\u00fcn Berlin GmbH | Platz der Luftbr\u00fccke - L.I.S.T. GmbH\",\"isPartOf\":{\"@id\":\"https:\\\/\\\/multisite.list-gmbh.de\\\/list-gmbh\\\/#website\"},\"primaryImageOfPage\":{\"@id\":\"https:\\\/\\\/multisite.list-gmbh.de\\\/list-gmbh\\\/518-gruen-berlin-gmbh-platz-der-luftbruecke\\\/#primaryimage\"},\"image\":{\"@id\":\"https:\\\/\\\/multisite.list-gmbh.de\\\/list-gmbh\\\/518-gruen-berlin-gmbh-platz-der-luftbruecke\\\/#primaryimage\"},\"thumbnailUrl\":\"https:\\\/\\\/multisite.list-gmbh.de\\\/list-gmbh\\\/wp-content\\\/uploads\\\/sites\\\/9\\\/2022\\\/01\\\/PDL_GB_BrunnenMoellers_GmbH_klein-48f-scaled.jpg\",\"datePublished\":\"2022-01-27T15:33:01+00:00\",\"dateModified\":\"2025-07-16T15:21:23+00:00\",\"author\":{\"@id\":\"https:\\\/\\\/multisite.list-gmbh.de\\\/list-gmbh\\\/#\\\/schema\\\/person\\\/bae5041963dffaf3400f5c594a04a71a\"},\"breadcrumb\":{\"@id\":\"https:\\\/\\\/multisite.list-gmbh.de\\\/list-gmbh\\\/518-gruen-berlin-gmbh-platz-der-luftbruecke\\\/#breadcrumb\"},\"inLanguage\":\"de\",\"potentialAction\":[{\"@type\":\"ReadAction\",\"target\":[\"https:\\\/\\\/multisite.list-gmbh.de\\\/list-gmbh\\\/518-gruen-berlin-gmbh-platz-der-luftbruecke\\\/\"]}]},{\"@type\":\"ImageObject\",\"inLanguage\":\"de\",\"@id\":\"https:\\\/\\\/multisite.list-gmbh.de\\\/list-gmbh\\\/518-gruen-berlin-gmbh-platz-der-luftbruecke\\\/#primaryimage\",\"url\":\"https:\\\/\\\/multisite.list-gmbh.de\\\/list-gmbh\\\/wp-content\\\/uploads\\\/sites\\\/9\\\/2022\\\/01\\\/PDL_GB_BrunnenMoellers_GmbH_klein-48f-scaled.jpg\",\"contentUrl\":\"https:\\\/\\\/multisite.list-gmbh.de\\\/list-gmbh\\\/wp-content\\\/uploads\\\/sites\\\/9\\\/2022\\\/01\\\/PDL_GB_BrunnenMoellers_GmbH_klein-48f-scaled.jpg\",\"width\":2560,\"height\":1707},{\"@type\":\"BreadcrumbList\",\"@id\":\"https:\\\/\\\/multisite.list-gmbh.de\\\/list-gmbh\\\/518-gruen-berlin-gmbh-platz-der-luftbruecke\\\/#breadcrumb\",\"itemListElement\":[{\"@type\":\"ListItem\",\"position\":1,\"name\":\"Startseite\",\"item\":\"https:\\\/\\\/multisite.list-gmbh.de\\\/list-gmbh\\\/\"},{\"@type\":\"ListItem\",\"position\":2,\"name\":\"Gr\u00fcn Berlin GmbH | Platz der Luftbr\u00fccke\"}]},{\"@type\":\"WebSite\",\"@id\":\"https:\\\/\\\/multisite.list-gmbh.de\\\/list-gmbh\\\/#website\",\"url\":\"https:\\\/\\\/multisite.list-gmbh.de\\\/list-gmbh\\\/\",\"name\":\"L.I.S.T. GmbH\",\"description\":\"\",\"potentialAction\":[{\"@type\":\"SearchAction\",\"target\":{\"@type\":\"EntryPoint\",\"urlTemplate\":\"https:\\\/\\\/multisite.list-gmbh.de\\\/list-gmbh\\\/?s={search_term_string}\"},\"query-input\":{\"@type\":\"PropertyValueSpecification\",\"valueRequired\":true,\"valueName\":\"search_term_string\"}}],\"inLanguage\":\"de\"},{\"@type\":\"Person\",\"@id\":\"https:\\\/\\\/multisite.list-gmbh.de\\\/list-gmbh\\\/#\\\/schema\\\/person\\\/bae5041963dffaf3400f5c594a04a71a\",\"name\":\"Christian Luchmann\",\"url\":\"https:\\\/\\\/multisite.list-gmbh.de\\\/list-gmbh\\\/author\\\/cluchmann\\\/\"}]}<\/script>\n<!-- \/ Yoast SEO plugin. -->","yoast_head_json":{"title":"Gr\u00fcn Berlin GmbH | Platz der Luftbr\u00fccke - L.I.S.T. GmbH","robots":{"index":"noindex","follow":"follow","max-snippet":"max-snippet:-1","max-image-preview":"max-image-preview:large","max-video-preview":"max-video-preview:-1"},"og_locale":"de_DE","og_type":"article","og_title":"Gr\u00fcn Berlin GmbH | Platz der Luftbr\u00fccke - L.I.S.T. GmbH","og_description":"Im Auftrag der Gr\u00fcn Berlin Stiftung \u00fcbernahmen wir gemeinsam mit unseren Kooperationspartner*innen von 2020 bis Ende 2023 die Kommunikation und Beteiligung aller betroffenen und interessierten Akteur*innen rund um die Umgestaltung&hellip;","og_url":"https:\/\/multisite.list-gmbh.de\/list-gmbh\/518-gruen-berlin-gmbh-platz-der-luftbruecke\/","og_site_name":"L.I.S.T. GmbH","article_published_time":"2022-01-27T15:33:01+00:00","article_modified_time":"2025-07-16T15:21:23+00:00","og_image":[{"width":2560,"height":1707,"url":"https:\/\/multisite.list-gmbh.de\/list-gmbh\/wp-content\/uploads\/sites\/9\/2022\/01\/PDL_GB_BrunnenMoellers_GmbH_klein-48f-scaled.jpg","type":"image\/jpeg"}],"author":"Christian Luchmann","twitter_card":"summary_large_image","twitter_misc":{"Verfasst von":"Christian Luchmann","Gesch\u00e4tzte Lesezeit":"2\u00a0Minuten"},"schema":{"@context":"https:\/\/schema.org","@graph":[{"@type":"Article","@id":"https:\/\/multisite.list-gmbh.de\/list-gmbh\/518-gruen-berlin-gmbh-platz-der-luftbruecke\/#article","isPartOf":{"@id":"https:\/\/multisite.list-gmbh.de\/list-gmbh\/518-gruen-berlin-gmbh-platz-der-luftbruecke\/"},"author":{"name":"Christian Luchmann","@id":"https:\/\/multisite.list-gmbh.de\/list-gmbh\/#\/schema\/person\/bae5041963dffaf3400f5c594a04a71a"},"headline":"Gr\u00fcn Berlin GmbH | Platz der Luftbr\u00fccke","datePublished":"2022-01-27T15:33:01+00:00","dateModified":"2025-07-16T15:21:23+00:00","mainEntityOfPage":{"@id":"https:\/\/multisite.list-gmbh.de\/list-gmbh\/518-gruen-berlin-gmbh-platz-der-luftbruecke\/"},"wordCount":474,"image":{"@id":"https:\/\/multisite.list-gmbh.de\/list-gmbh\/518-gruen-berlin-gmbh-platz-der-luftbruecke\/#primaryimage"},"thumbnailUrl":"https:\/\/multisite.list-gmbh.de\/list-gmbh\/wp-content\/uploads\/sites\/9\/2022\/01\/PDL_GB_BrunnenMoellers_GmbH_klein-48f-scaled.jpg","articleSection":["Partizipation","Projekte Par"],"inLanguage":"de"},{"@type":"WebPage","@id":"https:\/\/multisite.list-gmbh.de\/list-gmbh\/518-gruen-berlin-gmbh-platz-der-luftbruecke\/","url":"https:\/\/multisite.list-gmbh.de\/list-gmbh\/518-gruen-berlin-gmbh-platz-der-luftbruecke\/","name":"Gr\u00fcn Berlin GmbH | Platz der Luftbr\u00fccke - L.I.S.T. GmbH","isPartOf":{"@id":"https:\/\/multisite.list-gmbh.de\/list-gmbh\/#website"},"primaryImageOfPage":{"@id":"https:\/\/multisite.list-gmbh.de\/list-gmbh\/518-gruen-berlin-gmbh-platz-der-luftbruecke\/#primaryimage"},"image":{"@id":"https:\/\/multisite.list-gmbh.de\/list-gmbh\/518-gruen-berlin-gmbh-platz-der-luftbruecke\/#primaryimage"},"thumbnailUrl":"https:\/\/multisite.list-gmbh.de\/list-gmbh\/wp-content\/uploads\/sites\/9\/2022\/01\/PDL_GB_BrunnenMoellers_GmbH_klein-48f-scaled.jpg","datePublished":"2022-01-27T15:33:01+00:00","dateModified":"2025-07-16T15:21:23+00:00","author":{"@id":"https:\/\/multisite.list-gmbh.de\/list-gmbh\/#\/schema\/person\/bae5041963dffaf3400f5c594a04a71a"},"breadcrumb":{"@id":"https:\/\/multisite.list-gmbh.de\/list-gmbh\/518-gruen-berlin-gmbh-platz-der-luftbruecke\/#breadcrumb"},"inLanguage":"de","potentialAction":[{"@type":"ReadAction","target":["https:\/\/multisite.list-gmbh.de\/list-gmbh\/518-gruen-berlin-gmbh-platz-der-luftbruecke\/"]}]},{"@type":"ImageObject","inLanguage":"de","@id":"https:\/\/multisite.list-gmbh.de\/list-gmbh\/518-gruen-berlin-gmbh-platz-der-luftbruecke\/#primaryimage","url":"https:\/\/multisite.list-gmbh.de\/list-gmbh\/wp-content\/uploads\/sites\/9\/2022\/01\/PDL_GB_BrunnenMoellers_GmbH_klein-48f-scaled.jpg","contentUrl":"https:\/\/multisite.list-gmbh.de\/list-gmbh\/wp-content\/uploads\/sites\/9\/2022\/01\/PDL_GB_BrunnenMoellers_GmbH_klein-48f-scaled.jpg","width":2560,"height":1707},{"@type":"BreadcrumbList","@id":"https:\/\/multisite.list-gmbh.de\/list-gmbh\/518-gruen-berlin-gmbh-platz-der-luftbruecke\/#breadcrumb","itemListElement":[{"@type":"ListItem","position":1,"name":"Startseite","item":"https:\/\/multisite.list-gmbh.de\/list-gmbh\/"},{"@type":"ListItem","position":2,"name":"Gr\u00fcn Berlin GmbH | Platz der Luftbr\u00fccke"}]},{"@type":"WebSite","@id":"https:\/\/multisite.list-gmbh.de\/list-gmbh\/#website","url":"https:\/\/multisite.list-gmbh.de\/list-gmbh\/","name":"L.I.S.T. GmbH","description":"","potentialAction":[{"@type":"SearchAction","target":{"@type":"EntryPoint","urlTemplate":"https:\/\/multisite.list-gmbh.de\/list-gmbh\/?s={search_term_string}"},"query-input":{"@type":"PropertyValueSpecification","valueRequired":true,"valueName":"search_term_string"}}],"inLanguage":"de"},{"@type":"Person","@id":"https:\/\/multisite.list-gmbh.de\/list-gmbh\/#\/schema\/person\/bae5041963dffaf3400f5c594a04a71a","name":"Christian Luchmann","url":"https:\/\/multisite.list-gmbh.de\/list-gmbh\/author\/cluchmann\/"}]}},"spectra_custom_meta":{"_thumbnail_id":["516"],"_fgj2wp_old_id":["249"],"_edit_last":["35"],"_wp_page_template":["default"],"_edit_lock":["1752679283:35"],"_uag_css_file_name":["uag-css-518.css"],"_uag_page_assets":["a:9:{s:3:\"css\";s:263:\".uag-blocks-common-selector{z-index:var(--z-index-desktop) !important}@media (max-width: 976px){.uag-blocks-common-selector{z-index:var(--z-index-tablet) !important}}@media (max-width: 767px){.uag-blocks-common-selector{z-index:var(--z-index-mobile) !important}}\n\";s:2:\"js\";s:0:\"\";s:18:\"current_block_list\";a:7:{i:0;s:11:\"core\/search\";i:1;s:10:\"core\/group\";i:2;s:12:\"core\/heading\";i:3;s:17:\"core\/latest-posts\";i:4;s:20:\"core\/latest-comments\";i:5;s:13:\"core\/archives\";i:6;s:15:\"core\/categories\";}s:8:\"uag_flag\";b:0;s:11:\"uag_version\";s:10:\"1777471812\";s:6:\"gfonts\";a:0:{}s:10:\"gfonts_url\";s:0:\"\";s:12:\"gfonts_files\";a:0:{}s:14:\"uag_faq_layout\";b:0;}"]},"uagb_featured_image_src":{"full":["https:\/\/multisite.list-gmbh.de\/list-gmbh\/wp-content\/uploads\/sites\/9\/2022\/01\/PDL_GB_BrunnenMoellers_GmbH_klein-48f-scaled.jpg",2560,1707,false],"thumbnail":["https:\/\/multisite.list-gmbh.de\/list-gmbh\/wp-content\/uploads\/sites\/9\/2022\/01\/PDL_GB_BrunnenMoellers_GmbH_klein-48f-150x150.jpg",150,150,true],"medium":["https:\/\/multisite.list-gmbh.de\/list-gmbh\/wp-content\/uploads\/sites\/9\/2022\/01\/PDL_GB_BrunnenMoellers_GmbH_klein-48f-300x200.jpg",300,200,true],"medium_large":["https:\/\/multisite.list-gmbh.de\/list-gmbh\/wp-content\/uploads\/sites\/9\/2022\/01\/PDL_GB_BrunnenMoellers_GmbH_klein-48f-768x512.jpg",768,512,true],"large":["https:\/\/multisite.list-gmbh.de\/list-gmbh\/wp-content\/uploads\/sites\/9\/2022\/01\/PDL_GB_BrunnenMoellers_GmbH_klein-48f-1024x683.jpg",1024,683,true],"1536x1536":["https:\/\/multisite.list-gmbh.de\/list-gmbh\/wp-content\/uploads\/sites\/9\/2022\/01\/PDL_GB_BrunnenMoellers_GmbH_klein-48f-1536x1024.jpg",1536,1024,true],"2048x2048":["https:\/\/multisite.list-gmbh.de\/list-gmbh\/wp-content\/uploads\/sites\/9\/2022\/01\/PDL_GB_BrunnenMoellers_GmbH_klein-48f-2048x1365.jpg",2048,1365,true],"gform-image-choice-sm":["https:\/\/multisite.list-gmbh.de\/list-gmbh\/wp-content\/uploads\/sites\/9\/2022\/01\/PDL_GB_BrunnenMoellers_GmbH_klein-48f-scaled.jpg",300,200,false],"gform-image-choice-md":["https:\/\/multisite.list-gmbh.de\/list-gmbh\/wp-content\/uploads\/sites\/9\/2022\/01\/PDL_GB_BrunnenMoellers_GmbH_klein-48f-scaled.jpg",400,267,false],"gform-image-choice-lg":["https:\/\/multisite.list-gmbh.de\/list-gmbh\/wp-content\/uploads\/sites\/9\/2022\/01\/PDL_GB_BrunnenMoellers_GmbH_klein-48f-scaled.jpg",600,400,false]},"uagb_author_info":{"display_name":"Christian Luchmann","author_link":"https:\/\/multisite.list-gmbh.de\/list-gmbh\/author\/cluchmann\/"},"uagb_comment_info":0,"uagb_excerpt":"Im Auftrag der Gr\u00fcn Berlin Stiftung \u00fcbernahmen wir gemeinsam mit unseren Kooperationspartner*innen von 2020 bis Ende 2023 die Kommunikation und Beteiligung aller betroffenen und interessierten Akteur*innen rund um die Umgestaltung&hellip;","_links":{"self":[{"href":"https:\/\/multisite.list-gmbh.de\/list-gmbh\/wp-json\/wp\/v2\/posts\/518","targetHints":{"allow":["GET"]}}],"collection":[{"href":"https:\/\/multisite.list-gmbh.de\/list-gmbh\/wp-json\/wp\/v2\/posts"}],"about":[{"href":"https:\/\/multisite.list-gmbh.de\/list-gmbh\/wp-json\/wp\/v2\/types\/post"}],"author":[{"embeddable":true,"href":"https:\/\/multisite.list-gmbh.de\/list-gmbh\/wp-json\/wp\/v2\/users\/61"}],"replies":[{"embeddable":true,"href":"https:\/\/multisite.list-gmbh.de\/list-gmbh\/wp-json\/wp\/v2\/comments?post=518"}],"version-history":[{"count":1,"href":"https:\/\/multisite.list-gmbh.de\/list-gmbh\/wp-json\/wp\/v2\/posts\/518\/revisions"}],"predecessor-version":[{"id":1145,"href":"https:\/\/multisite.list-gmbh.de\/list-gmbh\/wp-json\/wp\/v2\/posts\/518\/revisions\/1145"}],"wp:featuredmedia":[{"embeddable":true,"href":"https:\/\/multisite.list-gmbh.de\/list-gmbh\/wp-json\/wp\/v2\/media\/516"}],"wp:attachment":[{"href":"https:\/\/multisite.list-gmbh.de\/list-gmbh\/wp-json\/wp\/v2\/media?parent=518"}],"wp:term":[{"taxonomy":"category","embeddable":true,"href":"https:\/\/multisite.list-gmbh.de\/list-gmbh\/wp-json\/wp\/v2\/categories?post=518"},{"taxonomy":"post_tag","embeddable":true,"href":"https:\/\/multisite.list-gmbh.de\/list-gmbh\/wp-json\/wp\/v2\/tags?post=518"}],"curies":[{"name":"wp","href":"https:\/\/api.w.org\/{rel}","templated":true}]}}