{"id":502,"date":"2021-08-12T14:59:50","date_gmt":"2021-08-12T12:59:50","guid":{"rendered":"https:\/\/multisite.list-gmbh.de\/list-gmbh\/502-wohnkunst-in-biesenthal\/"},"modified":"2025-09-23T14:08:17","modified_gmt":"2025-09-23T12:08:17","slug":"wohnkunst-in-biesenthal","status":"publish","type":"post","link":"https:\/\/multisite.list-gmbh.de\/list-gmbh\/502-wohnkunst-in-biesenthal\/","title":{"rendered":"Wohnkunst in Biesenthal"},"content":{"rendered":"<p>Im Zentrum Biesenthals entsteht auf einem ehemaligen Ackerb\u00fcrgerhof das \u00f6kologische Wohnprojekt f\u00fcr alle Generationen \u201eWohnkunst in Biesenthal eG\u201c. Die neu gegr\u00fcndete Genossenschaft Wohnkunst Biesenthal eG plant die Errichtung von drei Mehrfamilienh\u00e4usern mit mehreren Gemeinschaftsr\u00e4umen als Orte f\u00fcr Begegnungen. Biesenthal liegt im Landkreis Barnim (Bundesland Brandenburg) und verf\u00fcgt \u00fcber eine gute \u00d6PNV-Anbindung.<\/p>\n<p><span role=\"figure\" class=\"wf_caption\" style=\"max-width: 1330px;width: 100%\"><img loading=\"lazy\" decoding=\"async\" class=\" size-full wp-image-500\" src=\"https:\/\/multisite.list-gmbh.de\/list-gmbh\/wp-content\/uploads\/sites\/9\/2021\/08\/WoKuBi_2-7c9.jpeg\" alt=\"WoKuBi v\" style=\"margin: initial;width: 100%\" width=\"1438\" height=\"616\" srcset=\"https:\/\/multisite.list-gmbh.de\/list-gmbh\/wp-content\/uploads\/sites\/9\/2021\/08\/WoKuBi_2-7c9.jpeg 1024w, https:\/\/multisite.list-gmbh.de\/list-gmbh\/wp-content\/uploads\/sites\/9\/2021\/08\/WoKuBi_2-7c9-300x129.jpeg 300w, https:\/\/multisite.list-gmbh.de\/list-gmbh\/wp-content\/uploads\/sites\/9\/2021\/08\/WoKuBi_2-7c9-768x329.jpeg 768w\" sizes=\"auto, (max-width: 1438px) 100vw, 1438px\" \/><\/span><span role=\"figure\" class=\"wf_caption\" style=\"max-width: 1330px;width: 100%\"><em><span>Baustelle im Fr\u00fchjahr 2023, Ansicht vom&nbsp;Weprajetzkyweg (Foto: Wohnkunst Biesenthal eG)<\/span><\/em><\/span><\/p>\n<p>&nbsp;<br \/>Die Genossenschaft hat das Grundst\u00fcck von den Eigent\u00fcmerinnen Stiftung trias und Hannoversche Kassen in Erbbaurecht \u00fcbernommen. Das zentral in Biesenthal gelegene Grundst\u00fcck mit teilweise vorhandenem Bewuchs erforderte eine erstmalige Erschlie\u00dfung. Auf dem Grundst\u00fcck ist die Errichtung von 3 Geb\u00e4uden mit insgesamt 26 Wohnungen, einem Atelier, einer Werkstatt, einem Gemeinschaftsraum, einer G\u00e4stewohnung und weiteren Gemeinschaftseinrichtungen geplant. Die Geb\u00e4ude werden mit 2 Etagen und ausgebautem Dachgeschoss errichtet. Die Erschlie\u00dfung der beiden Geb\u00e4ude erfolgt in kostensparender Weise mittels au\u00dfen liegenden Treppen und Laubeng\u00e4ngen. Der besondere Wert liegt auf einer \u00f6kologischen Bauweise (Hochlochziegel und Recycling-Beton, Energieeffizienz-Haus (KfW-40-Standard), erneuerbare Energienutzung), die auch in der Nutzungszeit durch den Einsatz energiesparender Ger\u00e4te und Technik wirkt.<br \/>&nbsp;<\/p>\n<p><span role=\"figure\" class=\"wf_caption\" style=\"max-width: 1330px;width: 100%\"><img loading=\"lazy\" decoding=\"async\" class=\" size-full wp-image-501\" src=\"https:\/\/multisite.list-gmbh.de\/list-gmbh\/wp-content\/uploads\/sites\/9\/2021\/08\/WoKuBi_Richtfest_web-5e2.jpg\" alt=\"WoKuBi v\" style=\"margin: initial;width: 100%\" width=\"1438\" height=\"367\" srcset=\"https:\/\/multisite.list-gmbh.de\/list-gmbh\/wp-content\/uploads\/sites\/9\/2021\/08\/WoKuBi_Richtfest_web-5e2.jpg 1438w, https:\/\/multisite.list-gmbh.de\/list-gmbh\/wp-content\/uploads\/sites\/9\/2021\/08\/WoKuBi_Richtfest_web-5e2-300x77.jpg 300w, https:\/\/multisite.list-gmbh.de\/list-gmbh\/wp-content\/uploads\/sites\/9\/2021\/08\/WoKuBi_Richtfest_web-5e2-1024x261.jpg 1024w, https:\/\/multisite.list-gmbh.de\/list-gmbh\/wp-content\/uploads\/sites\/9\/2021\/08\/WoKuBi_Richtfest_web-5e2-768x196.jpg 768w\" sizes=\"auto, (max-width: 1438px) 100vw, 1438px\" \/><\/span><span role=\"figure\" class=\"wf_caption\" style=\"max-width: 1330px;width: 100%\"><em><span>Richtfest im Oktober 2022, Wohnkunst Biesenthal (Foto: L.I.S.T. GmbH)<\/span><\/em><\/span><\/p>\n<p>&nbsp;<\/p>\n<p>Der Hof wird unter dem Grundsatz \u201euniversal design for all\u201c gestaltet, dabei ist ein schonender Umgang mit vorhandener Vegetation vorgesehen.<\/p>\n<p>Die L.I.S.T. GmbH unterst\u00fctzt die Genossenschaft insbesondere bei der Rechnungspr\u00fcfung und beim Kostencontrolling.<\/p>\n<p>Der Baubeginn erfolgte Anfang 2022. Die Fertigstellung und der Bezug des Hauses erfolgt voraussichtlich im Herbst 2023.<\/p>\n<p>&nbsp;<\/p>\n<p>Bauherr: Wohnkunst Biesenthal eG<br \/>Objektplanung: <a href=\"http:\/\/www.winterer-mohr.eu\/index.html\" target=\"_blank\" rel=\"noopener\">Winterer Mohr Architektinnen GmbH<\/a><br \/>TGA-Planung:&nbsp;<a href=\"https:\/\/www.irg-berlin.de\/\" target=\"_blank\" rel=\"noopener\">IRG Ingenieurgesellschaft f\u00fcr rationelle Geb\u00e4udetechnik mbH<\/a><br \/>Tragwerksplanung:&nbsp;<a href=\"https:\/\/www.glosch.com\/\" target=\"_blank\" rel=\"noopener\">Ingenieurb\u00fcro Glosch<\/a><br \/>Baukosten: 6,2 Mio. EUR (KG 200-700)<br \/>Laufzeit Projektsteuerung: seit 2021<br \/>Baubeginn: Januar 2022<br \/>Nutzungsaufnahme geplant: Oktober 2023<\/p>\n<p>&nbsp;<\/p>\n<p>&nbsp;<\/p>\n","protected":false},"excerpt":{"rendered":"<p>Im Zentrum Biesenthals entsteht auf einem ehemaligen Ackerb\u00fcrgerhof das \u00f6kologische Wohnprojekt f\u00fcr alle Generationen \u201eWohnkunst in Biesenthal eG\u201c. Die neu gegr\u00fcndete Genossenschaft Wohnkunst Biesenthal eG plant die Errichtung von drei&hellip;<\/p>\n","protected":false},"author":64,"featured_media":500,"comment_status":"closed","ping_status":"closed","sticky":false,"template":"","format":"standard","meta":{"_acf_changed":false,"_uag_custom_page_level_css":"","footnotes":""},"categories":[35,11],"tags":[],"class_list":["post-502","post","type-post","status-publish","format-standard","has-post-thumbnail","hentry","category-projekte-ps","category-projektsteuerung"],"acf":[],"yoast_head":"<!-- This site is optimized with the Yoast SEO plugin v27.4 - https:\/\/yoast.com\/product\/yoast-seo-wordpress\/ -->\n<title>Wohnkunst in Biesenthal - L.I.S.T. GmbH<\/title>\n<meta name=\"robots\" content=\"noindex, follow, max-snippet:-1, max-image-preview:large, max-video-preview:-1\" \/>\n<meta property=\"og:locale\" content=\"de_DE\" \/>\n<meta property=\"og:type\" content=\"article\" \/>\n<meta property=\"og:title\" content=\"Wohnkunst in Biesenthal - L.I.S.T. GmbH\" \/>\n<meta property=\"og:description\" content=\"Im Zentrum Biesenthals entsteht auf einem ehemaligen Ackerb\u00fcrgerhof das \u00f6kologische Wohnprojekt f\u00fcr alle Generationen \u201eWohnkunst in Biesenthal eG\u201c. Die neu gegr\u00fcndete Genossenschaft Wohnkunst Biesenthal eG plant die Errichtung von drei&hellip;\" \/>\n<meta property=\"og:url\" content=\"https:\/\/multisite.list-gmbh.de\/list-gmbh\/502-wohnkunst-in-biesenthal\/\" \/>\n<meta property=\"og:site_name\" content=\"L.I.S.T. GmbH\" \/>\n<meta property=\"article:published_time\" content=\"2021-08-12T12:59:50+00:00\" \/>\n<meta property=\"article:modified_time\" content=\"2025-09-23T12:08:17+00:00\" \/>\n<meta property=\"og:image\" content=\"https:\/\/multisite.list-gmbh.de\/list-gmbh\/wp-content\/uploads\/sites\/9\/2021\/08\/WoKuBi_2-7c9.jpeg\" \/>\n\t<meta property=\"og:image:width\" content=\"1024\" \/>\n\t<meta property=\"og:image:height\" content=\"439\" \/>\n\t<meta property=\"og:image:type\" content=\"image\/jpeg\" \/>\n<meta name=\"author\" content=\"Renate Berg\" \/>\n<meta name=\"twitter:card\" content=\"summary_large_image\" \/>\n<meta name=\"twitter:label1\" content=\"Verfasst von\" \/>\n\t<meta name=\"twitter:data1\" content=\"Renate Berg\" \/>\n\t<meta name=\"twitter:label2\" content=\"Gesch\u00e4tzte Lesezeit\" \/>\n\t<meta name=\"twitter:data2\" content=\"1\u00a0Minute\" \/>\n<script type=\"application\/ld+json\" class=\"yoast-schema-graph\">{\"@context\":\"https:\\\/\\\/schema.org\",\"@graph\":[{\"@type\":\"Article\",\"@id\":\"https:\\\/\\\/multisite.list-gmbh.de\\\/list-gmbh\\\/502-wohnkunst-in-biesenthal\\\/#article\",\"isPartOf\":{\"@id\":\"https:\\\/\\\/multisite.list-gmbh.de\\\/list-gmbh\\\/502-wohnkunst-in-biesenthal\\\/\"},\"author\":{\"name\":\"Renate Berg\",\"@id\":\"https:\\\/\\\/multisite.list-gmbh.de\\\/list-gmbh\\\/#\\\/schema\\\/person\\\/a39ee0631bb6382232497163a00466d8\"},\"headline\":\"Wohnkunst in Biesenthal\",\"datePublished\":\"2021-08-12T12:59:50+00:00\",\"dateModified\":\"2025-09-23T12:08:17+00:00\",\"mainEntityOfPage\":{\"@id\":\"https:\\\/\\\/multisite.list-gmbh.de\\\/list-gmbh\\\/502-wohnkunst-in-biesenthal\\\/\"},\"wordCount\":298,\"image\":{\"@id\":\"https:\\\/\\\/multisite.list-gmbh.de\\\/list-gmbh\\\/502-wohnkunst-in-biesenthal\\\/#primaryimage\"},\"thumbnailUrl\":\"https:\\\/\\\/multisite.list-gmbh.de\\\/list-gmbh\\\/wp-content\\\/uploads\\\/sites\\\/9\\\/2021\\\/08\\\/WoKuBi_2-7c9.jpeg\",\"articleSection\":[\"Projekte PS\",\"Projektsteuerung\"],\"inLanguage\":\"de\"},{\"@type\":\"WebPage\",\"@id\":\"https:\\\/\\\/multisite.list-gmbh.de\\\/list-gmbh\\\/502-wohnkunst-in-biesenthal\\\/\",\"url\":\"https:\\\/\\\/multisite.list-gmbh.de\\\/list-gmbh\\\/502-wohnkunst-in-biesenthal\\\/\",\"name\":\"Wohnkunst in Biesenthal - L.I.S.T. GmbH\",\"isPartOf\":{\"@id\":\"https:\\\/\\\/multisite.list-gmbh.de\\\/list-gmbh\\\/#website\"},\"primaryImageOfPage\":{\"@id\":\"https:\\\/\\\/multisite.list-gmbh.de\\\/list-gmbh\\\/502-wohnkunst-in-biesenthal\\\/#primaryimage\"},\"image\":{\"@id\":\"https:\\\/\\\/multisite.list-gmbh.de\\\/list-gmbh\\\/502-wohnkunst-in-biesenthal\\\/#primaryimage\"},\"thumbnailUrl\":\"https:\\\/\\\/multisite.list-gmbh.de\\\/list-gmbh\\\/wp-content\\\/uploads\\\/sites\\\/9\\\/2021\\\/08\\\/WoKuBi_2-7c9.jpeg\",\"datePublished\":\"2021-08-12T12:59:50+00:00\",\"dateModified\":\"2025-09-23T12:08:17+00:00\",\"author\":{\"@id\":\"https:\\\/\\\/multisite.list-gmbh.de\\\/list-gmbh\\\/#\\\/schema\\\/person\\\/a39ee0631bb6382232497163a00466d8\"},\"breadcrumb\":{\"@id\":\"https:\\\/\\\/multisite.list-gmbh.de\\\/list-gmbh\\\/502-wohnkunst-in-biesenthal\\\/#breadcrumb\"},\"inLanguage\":\"de\",\"potentialAction\":[{\"@type\":\"ReadAction\",\"target\":[\"https:\\\/\\\/multisite.list-gmbh.de\\\/list-gmbh\\\/502-wohnkunst-in-biesenthal\\\/\"]}]},{\"@type\":\"ImageObject\",\"inLanguage\":\"de\",\"@id\":\"https:\\\/\\\/multisite.list-gmbh.de\\\/list-gmbh\\\/502-wohnkunst-in-biesenthal\\\/#primaryimage\",\"url\":\"https:\\\/\\\/multisite.list-gmbh.de\\\/list-gmbh\\\/wp-content\\\/uploads\\\/sites\\\/9\\\/2021\\\/08\\\/WoKuBi_2-7c9.jpeg\",\"contentUrl\":\"https:\\\/\\\/multisite.list-gmbh.de\\\/list-gmbh\\\/wp-content\\\/uploads\\\/sites\\\/9\\\/2021\\\/08\\\/WoKuBi_2-7c9.jpeg\",\"width\":1024,\"height\":439,\"caption\":\"WoKuBi v\"},{\"@type\":\"BreadcrumbList\",\"@id\":\"https:\\\/\\\/multisite.list-gmbh.de\\\/list-gmbh\\\/502-wohnkunst-in-biesenthal\\\/#breadcrumb\",\"itemListElement\":[{\"@type\":\"ListItem\",\"position\":1,\"name\":\"Startseite\",\"item\":\"https:\\\/\\\/multisite.list-gmbh.de\\\/list-gmbh\\\/\"},{\"@type\":\"ListItem\",\"position\":2,\"name\":\"Wohnkunst in Biesenthal\"}]},{\"@type\":\"WebSite\",\"@id\":\"https:\\\/\\\/multisite.list-gmbh.de\\\/list-gmbh\\\/#website\",\"url\":\"https:\\\/\\\/multisite.list-gmbh.de\\\/list-gmbh\\\/\",\"name\":\"L.I.S.T. GmbH\",\"description\":\"\",\"potentialAction\":[{\"@type\":\"SearchAction\",\"target\":{\"@type\":\"EntryPoint\",\"urlTemplate\":\"https:\\\/\\\/multisite.list-gmbh.de\\\/list-gmbh\\\/?s={search_term_string}\"},\"query-input\":{\"@type\":\"PropertyValueSpecification\",\"valueRequired\":true,\"valueName\":\"search_term_string\"}}],\"inLanguage\":\"de\"},{\"@type\":\"Person\",\"@id\":\"https:\\\/\\\/multisite.list-gmbh.de\\\/list-gmbh\\\/#\\\/schema\\\/person\\\/a39ee0631bb6382232497163a00466d8\",\"name\":\"Renate Berg\",\"url\":\"https:\\\/\\\/multisite.list-gmbh.de\\\/list-gmbh\\\/author\\\/rberg\\\/\"}]}<\/script>\n<!-- \/ Yoast SEO plugin. -->","yoast_head_json":{"title":"Wohnkunst in Biesenthal - L.I.S.T. GmbH","robots":{"index":"noindex","follow":"follow","max-snippet":"max-snippet:-1","max-image-preview":"max-image-preview:large","max-video-preview":"max-video-preview:-1"},"og_locale":"de_DE","og_type":"article","og_title":"Wohnkunst in Biesenthal - L.I.S.T. GmbH","og_description":"Im Zentrum Biesenthals entsteht auf einem ehemaligen Ackerb\u00fcrgerhof das \u00f6kologische Wohnprojekt f\u00fcr alle Generationen \u201eWohnkunst in Biesenthal eG\u201c. Die neu gegr\u00fcndete Genossenschaft Wohnkunst Biesenthal eG plant die Errichtung von drei&hellip;","og_url":"https:\/\/multisite.list-gmbh.de\/list-gmbh\/502-wohnkunst-in-biesenthal\/","og_site_name":"L.I.S.T. GmbH","article_published_time":"2021-08-12T12:59:50+00:00","article_modified_time":"2025-09-23T12:08:17+00:00","og_image":[{"width":1024,"height":439,"url":"https:\/\/multisite.list-gmbh.de\/list-gmbh\/wp-content\/uploads\/sites\/9\/2021\/08\/WoKuBi_2-7c9.jpeg","type":"image\/jpeg"}],"author":"Renate Berg","twitter_card":"summary_large_image","twitter_misc":{"Verfasst von":"Renate Berg","Gesch\u00e4tzte Lesezeit":"1\u00a0Minute"},"schema":{"@context":"https:\/\/schema.org","@graph":[{"@type":"Article","@id":"https:\/\/multisite.list-gmbh.de\/list-gmbh\/502-wohnkunst-in-biesenthal\/#article","isPartOf":{"@id":"https:\/\/multisite.list-gmbh.de\/list-gmbh\/502-wohnkunst-in-biesenthal\/"},"author":{"name":"Renate Berg","@id":"https:\/\/multisite.list-gmbh.de\/list-gmbh\/#\/schema\/person\/a39ee0631bb6382232497163a00466d8"},"headline":"Wohnkunst in Biesenthal","datePublished":"2021-08-12T12:59:50+00:00","dateModified":"2025-09-23T12:08:17+00:00","mainEntityOfPage":{"@id":"https:\/\/multisite.list-gmbh.de\/list-gmbh\/502-wohnkunst-in-biesenthal\/"},"wordCount":298,"image":{"@id":"https:\/\/multisite.list-gmbh.de\/list-gmbh\/502-wohnkunst-in-biesenthal\/#primaryimage"},"thumbnailUrl":"https:\/\/multisite.list-gmbh.de\/list-gmbh\/wp-content\/uploads\/sites\/9\/2021\/08\/WoKuBi_2-7c9.jpeg","articleSection":["Projekte PS","Projektsteuerung"],"inLanguage":"de"},{"@type":"WebPage","@id":"https:\/\/multisite.list-gmbh.de\/list-gmbh\/502-wohnkunst-in-biesenthal\/","url":"https:\/\/multisite.list-gmbh.de\/list-gmbh\/502-wohnkunst-in-biesenthal\/","name":"Wohnkunst in Biesenthal - L.I.S.T. GmbH","isPartOf":{"@id":"https:\/\/multisite.list-gmbh.de\/list-gmbh\/#website"},"primaryImageOfPage":{"@id":"https:\/\/multisite.list-gmbh.de\/list-gmbh\/502-wohnkunst-in-biesenthal\/#primaryimage"},"image":{"@id":"https:\/\/multisite.list-gmbh.de\/list-gmbh\/502-wohnkunst-in-biesenthal\/#primaryimage"},"thumbnailUrl":"https:\/\/multisite.list-gmbh.de\/list-gmbh\/wp-content\/uploads\/sites\/9\/2021\/08\/WoKuBi_2-7c9.jpeg","datePublished":"2021-08-12T12:59:50+00:00","dateModified":"2025-09-23T12:08:17+00:00","author":{"@id":"https:\/\/multisite.list-gmbh.de\/list-gmbh\/#\/schema\/person\/a39ee0631bb6382232497163a00466d8"},"breadcrumb":{"@id":"https:\/\/multisite.list-gmbh.de\/list-gmbh\/502-wohnkunst-in-biesenthal\/#breadcrumb"},"inLanguage":"de","potentialAction":[{"@type":"ReadAction","target":["https:\/\/multisite.list-gmbh.de\/list-gmbh\/502-wohnkunst-in-biesenthal\/"]}]},{"@type":"ImageObject","inLanguage":"de","@id":"https:\/\/multisite.list-gmbh.de\/list-gmbh\/502-wohnkunst-in-biesenthal\/#primaryimage","url":"https:\/\/multisite.list-gmbh.de\/list-gmbh\/wp-content\/uploads\/sites\/9\/2021\/08\/WoKuBi_2-7c9.jpeg","contentUrl":"https:\/\/multisite.list-gmbh.de\/list-gmbh\/wp-content\/uploads\/sites\/9\/2021\/08\/WoKuBi_2-7c9.jpeg","width":1024,"height":439,"caption":"WoKuBi v"},{"@type":"BreadcrumbList","@id":"https:\/\/multisite.list-gmbh.de\/list-gmbh\/502-wohnkunst-in-biesenthal\/#breadcrumb","itemListElement":[{"@type":"ListItem","position":1,"name":"Startseite","item":"https:\/\/multisite.list-gmbh.de\/list-gmbh\/"},{"@type":"ListItem","position":2,"name":"Wohnkunst in Biesenthal"}]},{"@type":"WebSite","@id":"https:\/\/multisite.list-gmbh.de\/list-gmbh\/#website","url":"https:\/\/multisite.list-gmbh.de\/list-gmbh\/","name":"L.I.S.T. GmbH","description":"","potentialAction":[{"@type":"SearchAction","target":{"@type":"EntryPoint","urlTemplate":"https:\/\/multisite.list-gmbh.de\/list-gmbh\/?s={search_term_string}"},"query-input":{"@type":"PropertyValueSpecification","valueRequired":true,"valueName":"search_term_string"}}],"inLanguage":"de"},{"@type":"Person","@id":"https:\/\/multisite.list-gmbh.de\/list-gmbh\/#\/schema\/person\/a39ee0631bb6382232497163a00466d8","name":"Renate Berg","url":"https:\/\/multisite.list-gmbh.de\/list-gmbh\/author\/rberg\/"}]}},"spectra_custom_meta":{"_thumbnail_id":["500"],"_fgj2wp_old_id":["241"],"_edit_last":["64"],"_wp_page_template":["default"],"_edit_lock":["1758629297:64"],"_uag_css_file_name":["uag-css-502.css"],"_uag_page_assets":["a:9:{s:3:\"css\";s:263:\".uag-blocks-common-selector{z-index:var(--z-index-desktop) !important}@media (max-width: 976px){.uag-blocks-common-selector{z-index:var(--z-index-tablet) !important}}@media (max-width: 767px){.uag-blocks-common-selector{z-index:var(--z-index-mobile) !important}}\n\";s:2:\"js\";s:0:\"\";s:18:\"current_block_list\";a:7:{i:0;s:11:\"core\/search\";i:1;s:10:\"core\/group\";i:2;s:12:\"core\/heading\";i:3;s:17:\"core\/latest-posts\";i:4;s:20:\"core\/latest-comments\";i:5;s:13:\"core\/archives\";i:6;s:15:\"core\/categories\";}s:8:\"uag_flag\";b:0;s:11:\"uag_version\";s:10:\"1777471812\";s:6:\"gfonts\";a:0:{}s:10:\"gfonts_url\";s:0:\"\";s:12:\"gfonts_files\";a:0:{}s:14:\"uag_faq_layout\";b:0;}"]},"uagb_featured_image_src":{"full":["https:\/\/multisite.list-gmbh.de\/list-gmbh\/wp-content\/uploads\/sites\/9\/2021\/08\/WoKuBi_2-7c9.jpeg",1024,439,false],"thumbnail":["https:\/\/multisite.list-gmbh.de\/list-gmbh\/wp-content\/uploads\/sites\/9\/2021\/08\/WoKuBi_2-7c9-150x150.jpeg",150,150,true],"medium":["https:\/\/multisite.list-gmbh.de\/list-gmbh\/wp-content\/uploads\/sites\/9\/2021\/08\/WoKuBi_2-7c9-300x129.jpeg",300,129,true],"medium_large":["https:\/\/multisite.list-gmbh.de\/list-gmbh\/wp-content\/uploads\/sites\/9\/2021\/08\/WoKuBi_2-7c9-768x329.jpeg",768,329,true],"large":["https:\/\/multisite.list-gmbh.de\/list-gmbh\/wp-content\/uploads\/sites\/9\/2021\/08\/WoKuBi_2-7c9.jpeg",1024,439,false],"1536x1536":["https:\/\/multisite.list-gmbh.de\/list-gmbh\/wp-content\/uploads\/sites\/9\/2021\/08\/WoKuBi_2-7c9.jpeg",1024,439,false],"2048x2048":["https:\/\/multisite.list-gmbh.de\/list-gmbh\/wp-content\/uploads\/sites\/9\/2021\/08\/WoKuBi_2-7c9.jpeg",1024,439,false],"gform-image-choice-sm":["https:\/\/multisite.list-gmbh.de\/list-gmbh\/wp-content\/uploads\/sites\/9\/2021\/08\/WoKuBi_2-7c9.jpeg",300,129,false],"gform-image-choice-md":["https:\/\/multisite.list-gmbh.de\/list-gmbh\/wp-content\/uploads\/sites\/9\/2021\/08\/WoKuBi_2-7c9.jpeg",400,171,false],"gform-image-choice-lg":["https:\/\/multisite.list-gmbh.de\/list-gmbh\/wp-content\/uploads\/sites\/9\/2021\/08\/WoKuBi_2-7c9.jpeg",600,257,false]},"uagb_author_info":{"display_name":"Renate Berg","author_link":"https:\/\/multisite.list-gmbh.de\/list-gmbh\/author\/rberg\/"},"uagb_comment_info":0,"uagb_excerpt":"Im Zentrum Biesenthals entsteht auf einem ehemaligen Ackerb\u00fcrgerhof das \u00f6kologische Wohnprojekt f\u00fcr alle Generationen \u201eWohnkunst in Biesenthal eG\u201c. Die neu gegr\u00fcndete Genossenschaft Wohnkunst Biesenthal eG plant die Errichtung von drei&hellip;","_links":{"self":[{"href":"https:\/\/multisite.list-gmbh.de\/list-gmbh\/wp-json\/wp\/v2\/posts\/502","targetHints":{"allow":["GET"]}}],"collection":[{"href":"https:\/\/multisite.list-gmbh.de\/list-gmbh\/wp-json\/wp\/v2\/posts"}],"about":[{"href":"https:\/\/multisite.list-gmbh.de\/list-gmbh\/wp-json\/wp\/v2\/types\/post"}],"author":[{"embeddable":true,"href":"https:\/\/multisite.list-gmbh.de\/list-gmbh\/wp-json\/wp\/v2\/users\/64"}],"replies":[{"embeddable":true,"href":"https:\/\/multisite.list-gmbh.de\/list-gmbh\/wp-json\/wp\/v2\/comments?post=502"}],"version-history":[{"count":2,"href":"https:\/\/multisite.list-gmbh.de\/list-gmbh\/wp-json\/wp\/v2\/posts\/502\/revisions"}],"predecessor-version":[{"id":3301,"href":"https:\/\/multisite.list-gmbh.de\/list-gmbh\/wp-json\/wp\/v2\/posts\/502\/revisions\/3301"}],"wp:featuredmedia":[{"embeddable":true,"href":"https:\/\/multisite.list-gmbh.de\/list-gmbh\/wp-json\/wp\/v2\/media\/500"}],"wp:attachment":[{"href":"https:\/\/multisite.list-gmbh.de\/list-gmbh\/wp-json\/wp\/v2\/media?parent=502"}],"wp:term":[{"taxonomy":"category","embeddable":true,"href":"https:\/\/multisite.list-gmbh.de\/list-gmbh\/wp-json\/wp\/v2\/categories?post=502"},{"taxonomy":"post_tag","embeddable":true,"href":"https:\/\/multisite.list-gmbh.de\/list-gmbh\/wp-json\/wp\/v2\/tags?post=502"}],"curies":[{"name":"wp","href":"https:\/\/api.w.org\/{rel}","templated":true}]}}