{"id":433,"date":"2018-02-16T12:05:22","date_gmt":"2018-02-16T11:05:22","guid":{"rendered":"https:\/\/multisite.list-gmbh.de\/list-gmbh\/433-kindertagesstaette-kiesteich-surfer\/"},"modified":"2025-09-23T14:09:23","modified_gmt":"2025-09-23T12:09:23","slug":"kindertagesstaette-kiesteich-surfer","status":"publish","type":"post","link":"https:\/\/multisite.list-gmbh.de\/list-gmbh\/433-kindertagesstaette-kiesteich-surfer\/","title":{"rendered":"Kindertagesst\u00e4tte &#8222;Kiesteich-Surfer&#8220;"},"content":{"rendered":"\n<p><span style=\"font-family: 'Arial',sans-serif\">Der Tr\u00e4ger casablanca gGmbH hat in Berlin Spandau eine Kindestagesst\u00e4tte im Falkenhagener Feld gebaut. Wir \u00fcbernahmen bei diesem Bauvorhaben von 2016-2019 die Projektsteuerung.<\/span><\/p>\n\n\n\n<!--more-->\n\n\n\n<figure class=\"wp-block-image\"><img loading=\"lazy\" decoding=\"async\" width=\"1440\" height=\"900\" src=\"https:\/\/multisite.list-gmbh.de\/list-gmbh\/wp-content\/uploads\/sites\/9\/2018\/02\/Kita-Am-Kiesteich-40Urheber-b75.jpg\" alt=\"Kita-Am-Kiesteich-40Urheber\" class=\"wp-image-432\" srcset=\"https:\/\/multisite.list-gmbh.de\/list-gmbh\/wp-content\/uploads\/sites\/9\/2018\/02\/Kita-Am-Kiesteich-40Urheber-b75.jpg 1440w, https:\/\/multisite.list-gmbh.de\/list-gmbh\/wp-content\/uploads\/sites\/9\/2018\/02\/Kita-Am-Kiesteich-40Urheber-b75-300x188.jpg 300w, https:\/\/multisite.list-gmbh.de\/list-gmbh\/wp-content\/uploads\/sites\/9\/2018\/02\/Kita-Am-Kiesteich-40Urheber-b75-1024x640.jpg 1024w, https:\/\/multisite.list-gmbh.de\/list-gmbh\/wp-content\/uploads\/sites\/9\/2018\/02\/Kita-Am-Kiesteich-40Urheber-b75-768x480.jpg 768w\" sizes=\"auto, (max-width: 1440px) 100vw, 1440px\" \/><\/figure>\n\n\n\n<p><\/p>\n\n\n\n<p><span style=\"font-family: 'Arial',sans-serif\">Im Falkenhagener Feld in Berlin-Spandau besteht laut Kitaentwicklungsplan des Bezirkes ein hoher Mangel an Kita-Pl\u00e4tzen in allen Altersstufen. Die Bezirksregion ist seit \u00fcber 10 Jahren F\u00f6rdergebiet des Programms Soziale Stadt. Der Tr\u00e4ger casablanca \u2013 gemeinn\u00fctzige Gesellschaft f\u00fcr innovative Jugendhilfe und soziale Dienste mbH bietet bereits sozialp\u00e4dagogische Pr\u00e4ventionsprogramme an lokalen Schulen an. Im Rahmen eines Interessenbekundungsverfahrens wurde die casablanca gGmbH 2016 als Errichter und Tr\u00e4ger einer neuen Kita mit sport- und gesundheitsorientierten Angeboten ausgew\u00e4hlt.<\/span><\/p>\n\n\n\n<figure class=\"wp-block-gallery has-nested-images columns-default is-cropped wp-block-gallery-1 is-layout-flex wp-block-gallery-is-layout-flex\">\n<figure class=\"wp-block-image size-large\"><img loading=\"lazy\" decoding=\"async\" width=\"1024\" height=\"683\" data-id=\"3383\" src=\"https:\/\/multisite.list-gmbh.de\/list-gmbh\/wp-content\/uploads\/sites\/9\/2018\/02\/aussen_surfer_1800-1024x683.jpg\" alt=\"\" class=\"wp-image-3383\" srcset=\"https:\/\/multisite.list-gmbh.de\/list-gmbh\/wp-content\/uploads\/sites\/9\/2018\/02\/aussen_surfer_1800-1024x683.jpg 1024w, https:\/\/multisite.list-gmbh.de\/list-gmbh\/wp-content\/uploads\/sites\/9\/2018\/02\/aussen_surfer_1800-300x200.jpg 300w, https:\/\/multisite.list-gmbh.de\/list-gmbh\/wp-content\/uploads\/sites\/9\/2018\/02\/aussen_surfer_1800-768x512.jpg 768w, https:\/\/multisite.list-gmbh.de\/list-gmbh\/wp-content\/uploads\/sites\/9\/2018\/02\/aussen_surfer_1800-1536x1024.jpg 1536w, https:\/\/multisite.list-gmbh.de\/list-gmbh\/wp-content\/uploads\/sites\/9\/2018\/02\/aussen_surfer_1800.jpg 1800w\" sizes=\"auto, (max-width: 1024px) 100vw, 1024px\" \/><\/figure>\n\n\n\n<figure class=\"wp-block-image size-large\"><img loading=\"lazy\" decoding=\"async\" width=\"1024\" height=\"683\" data-id=\"3382\" src=\"https:\/\/multisite.list-gmbh.de\/list-gmbh\/wp-content\/uploads\/sites\/9\/2018\/02\/aussen2_surfer_1800-1024x683.jpg\" alt=\"\" class=\"wp-image-3382\" srcset=\"https:\/\/multisite.list-gmbh.de\/list-gmbh\/wp-content\/uploads\/sites\/9\/2018\/02\/aussen2_surfer_1800-1024x683.jpg 1024w, https:\/\/multisite.list-gmbh.de\/list-gmbh\/wp-content\/uploads\/sites\/9\/2018\/02\/aussen2_surfer_1800-300x200.jpg 300w, https:\/\/multisite.list-gmbh.de\/list-gmbh\/wp-content\/uploads\/sites\/9\/2018\/02\/aussen2_surfer_1800-768x512.jpg 768w, https:\/\/multisite.list-gmbh.de\/list-gmbh\/wp-content\/uploads\/sites\/9\/2018\/02\/aussen2_surfer_1800-1536x1024.jpg 1536w, https:\/\/multisite.list-gmbh.de\/list-gmbh\/wp-content\/uploads\/sites\/9\/2018\/02\/aussen2_surfer_1800.jpg 1800w\" sizes=\"auto, (max-width: 1024px) 100vw, 1024px\" \/><\/figure>\n<\/figure>\n\n\n\n<p><span style=\"font-family: 'Arial',sans-serif\">Neben der gesundheitlichen Entwicklung der Kinder durch ein sport- und bewegungsorientiertes p\u00e4dagogisches Konzept sind Sprachf\u00f6rderung, die Gewinnung der Eltern zur Mitwirkung und die Vernetzung der Kita mit den Grundschulen und anderen nonformalen Bildungsangeboten in der Region wichtige Ziele.<\/span><\/p>\n\n\n\n<figure class=\"wp-block-gallery has-nested-images columns-default is-cropped wp-block-gallery-2 is-layout-flex wp-block-gallery-is-layout-flex\">\n<figure class=\"wp-block-image size-large\"><img loading=\"lazy\" decoding=\"async\" width=\"1024\" height=\"683\" data-id=\"3384\" src=\"https:\/\/multisite.list-gmbh.de\/list-gmbh\/wp-content\/uploads\/sites\/9\/2018\/02\/flur_surfer_1800-1024x683.jpg\" alt=\"\" class=\"wp-image-3384\" srcset=\"https:\/\/multisite.list-gmbh.de\/list-gmbh\/wp-content\/uploads\/sites\/9\/2018\/02\/flur_surfer_1800-1024x683.jpg 1024w, https:\/\/multisite.list-gmbh.de\/list-gmbh\/wp-content\/uploads\/sites\/9\/2018\/02\/flur_surfer_1800-300x200.jpg 300w, https:\/\/multisite.list-gmbh.de\/list-gmbh\/wp-content\/uploads\/sites\/9\/2018\/02\/flur_surfer_1800-768x512.jpg 768w, https:\/\/multisite.list-gmbh.de\/list-gmbh\/wp-content\/uploads\/sites\/9\/2018\/02\/flur_surfer_1800-1536x1024.jpg 1536w, https:\/\/multisite.list-gmbh.de\/list-gmbh\/wp-content\/uploads\/sites\/9\/2018\/02\/flur_surfer_1800.jpg 1800w\" sizes=\"auto, (max-width: 1024px) 100vw, 1024px\" \/><\/figure>\n\n\n\n<figure class=\"wp-block-image size-large\"><img loading=\"lazy\" decoding=\"async\" width=\"1024\" height=\"683\" data-id=\"3385\" src=\"https:\/\/multisite.list-gmbh.de\/list-gmbh\/wp-content\/uploads\/sites\/9\/2018\/02\/turnhalle_surfer_1800-1024x683.jpg\" alt=\"\" class=\"wp-image-3385\" srcset=\"https:\/\/multisite.list-gmbh.de\/list-gmbh\/wp-content\/uploads\/sites\/9\/2018\/02\/turnhalle_surfer_1800-1024x683.jpg 1024w, https:\/\/multisite.list-gmbh.de\/list-gmbh\/wp-content\/uploads\/sites\/9\/2018\/02\/turnhalle_surfer_1800-300x200.jpg 300w, https:\/\/multisite.list-gmbh.de\/list-gmbh\/wp-content\/uploads\/sites\/9\/2018\/02\/turnhalle_surfer_1800-768x512.jpg 768w, https:\/\/multisite.list-gmbh.de\/list-gmbh\/wp-content\/uploads\/sites\/9\/2018\/02\/turnhalle_surfer_1800-1536x1024.jpg 1536w, https:\/\/multisite.list-gmbh.de\/list-gmbh\/wp-content\/uploads\/sites\/9\/2018\/02\/turnhalle_surfer_1800.jpg 1800w\" sizes=\"auto, (max-width: 1024px) 100vw, 1024px\" \/><\/figure>\n<\/figure>\n\n\n\n<p><span style=\"font-family: 'Arial',sans-serif\">Die Kita steht seit 2019 etwa 120 Kindern zur Verf\u00fcgung. Das zweigeschossige Geb\u00e4ude ist mit einer Bewegungshalle, mehreren Gruppen- und Multifunktionsr\u00e4umen (z.B. einem Musikraum und einer Werkstatt), einer Verteilerk\u00fcche mit Cafeteria als Veranstaltungsraum f\u00fcr Elternaktivit\u00e4ten sowie einer p\u00e4dagogisch nutzbaren Au\u00dfenspielfl\u00e4che ausgestattet.<\/span><\/p>\n\n\n\n<p><span style=\"font-family: 'Arial',sans-serif\">Im Auftrag der casablanca gGmbH \u00fcbernahmen wir bei diesem Bauvorhaben von 2016-2019 die Projektsteuerung. Im Moment finden abschlie\u00dfende Arbeiten statt.<br><\/span><\/p>\n","protected":false},"excerpt":{"rendered":"<p>Der Tr\u00e4ger casablanca gGmbH hat in Berlin Spandau eine Kindestagesst\u00e4tte im Falkenhagener Feld gebaut. Wir \u00fcbernahmen bei diesem Bauvorhaben von 2016-2019 die Projektsteuerung.<\/p>\n","protected":false},"author":61,"featured_media":432,"comment_status":"closed","ping_status":"closed","sticky":false,"template":"","format":"standard","meta":{"_acf_changed":false,"_uag_custom_page_level_css":"","footnotes":""},"categories":[35,11],"tags":[],"class_list":["post-433","post","type-post","status-publish","format-standard","has-post-thumbnail","hentry","category-projekte-ps","category-projektsteuerung"],"acf":[],"yoast_head":"<!-- This site is optimized with the Yoast SEO plugin v27.4 - https:\/\/yoast.com\/product\/yoast-seo-wordpress\/ -->\n<title>Kindertagesst\u00e4tte &quot;Kiesteich-Surfer&quot; - L.I.S.T. GmbH<\/title>\n<meta name=\"robots\" content=\"noindex, follow, max-snippet:-1, max-image-preview:large, max-video-preview:-1\" \/>\n<meta property=\"og:locale\" content=\"de_DE\" \/>\n<meta property=\"og:type\" content=\"article\" \/>\n<meta property=\"og:title\" content=\"Kindertagesst\u00e4tte &quot;Kiesteich-Surfer&quot; - L.I.S.T. GmbH\" \/>\n<meta property=\"og:description\" content=\"Der Tr\u00e4ger casablanca gGmbH hat in Berlin Spandau eine Kindestagesst\u00e4tte im Falkenhagener Feld gebaut. Wir \u00fcbernahmen bei diesem Bauvorhaben von 2016-2019 die Projektsteuerung.\" \/>\n<meta property=\"og:url\" content=\"https:\/\/multisite.list-gmbh.de\/list-gmbh\/433-kindertagesstaette-kiesteich-surfer\/\" \/>\n<meta property=\"og:site_name\" content=\"L.I.S.T. GmbH\" \/>\n<meta property=\"article:published_time\" content=\"2018-02-16T11:05:22+00:00\" \/>\n<meta property=\"article:modified_time\" content=\"2025-09-23T12:09:23+00:00\" \/>\n<meta property=\"og:image\" content=\"https:\/\/multisite.list-gmbh.de\/list-gmbh\/wp-content\/uploads\/sites\/9\/2018\/02\/Kita-Am-Kiesteich-40Urheber-b75.jpg\" \/>\n\t<meta property=\"og:image:width\" content=\"1440\" \/>\n\t<meta property=\"og:image:height\" content=\"900\" \/>\n\t<meta property=\"og:image:type\" content=\"image\/jpeg\" \/>\n<meta name=\"author\" content=\"Christian Luchmann\" \/>\n<meta name=\"twitter:card\" content=\"summary_large_image\" \/>\n<meta name=\"twitter:label1\" content=\"Verfasst von\" \/>\n\t<meta name=\"twitter:data1\" content=\"Christian Luchmann\" \/>\n\t<meta name=\"twitter:label2\" content=\"Gesch\u00e4tzte Lesezeit\" \/>\n\t<meta name=\"twitter:data2\" content=\"3\u00a0Minuten\" \/>\n<script type=\"application\/ld+json\" class=\"yoast-schema-graph\">{\"@context\":\"https:\\\/\\\/schema.org\",\"@graph\":[{\"@type\":\"Article\",\"@id\":\"https:\\\/\\\/multisite.list-gmbh.de\\\/list-gmbh\\\/433-kindertagesstaette-kiesteich-surfer\\\/#article\",\"isPartOf\":{\"@id\":\"https:\\\/\\\/multisite.list-gmbh.de\\\/list-gmbh\\\/433-kindertagesstaette-kiesteich-surfer\\\/\"},\"author\":{\"name\":\"Christian Luchmann\",\"@id\":\"https:\\\/\\\/multisite.list-gmbh.de\\\/list-gmbh\\\/#\\\/schema\\\/person\\\/bae5041963dffaf3400f5c594a04a71a\"},\"headline\":\"Kindertagesst\u00e4tte &#8222;Kiesteich-Surfer&#8220;\",\"datePublished\":\"2018-02-16T11:05:22+00:00\",\"dateModified\":\"2025-09-23T12:09:23+00:00\",\"mainEntityOfPage\":{\"@id\":\"https:\\\/\\\/multisite.list-gmbh.de\\\/list-gmbh\\\/433-kindertagesstaette-kiesteich-surfer\\\/\"},\"wordCount\":217,\"image\":{\"@id\":\"https:\\\/\\\/multisite.list-gmbh.de\\\/list-gmbh\\\/433-kindertagesstaette-kiesteich-surfer\\\/#primaryimage\"},\"thumbnailUrl\":\"https:\\\/\\\/multisite.list-gmbh.de\\\/list-gmbh\\\/wp-content\\\/uploads\\\/sites\\\/9\\\/2018\\\/02\\\/Kita-Am-Kiesteich-40Urheber-b75.jpg\",\"articleSection\":[\"Projekte PS\",\"Projektsteuerung\"],\"inLanguage\":\"de\"},{\"@type\":\"WebPage\",\"@id\":\"https:\\\/\\\/multisite.list-gmbh.de\\\/list-gmbh\\\/433-kindertagesstaette-kiesteich-surfer\\\/\",\"url\":\"https:\\\/\\\/multisite.list-gmbh.de\\\/list-gmbh\\\/433-kindertagesstaette-kiesteich-surfer\\\/\",\"name\":\"Kindertagesst\u00e4tte \\\"Kiesteich-Surfer\\\" - L.I.S.T. GmbH\",\"isPartOf\":{\"@id\":\"https:\\\/\\\/multisite.list-gmbh.de\\\/list-gmbh\\\/#website\"},\"primaryImageOfPage\":{\"@id\":\"https:\\\/\\\/multisite.list-gmbh.de\\\/list-gmbh\\\/433-kindertagesstaette-kiesteich-surfer\\\/#primaryimage\"},\"image\":{\"@id\":\"https:\\\/\\\/multisite.list-gmbh.de\\\/list-gmbh\\\/433-kindertagesstaette-kiesteich-surfer\\\/#primaryimage\"},\"thumbnailUrl\":\"https:\\\/\\\/multisite.list-gmbh.de\\\/list-gmbh\\\/wp-content\\\/uploads\\\/sites\\\/9\\\/2018\\\/02\\\/Kita-Am-Kiesteich-40Urheber-b75.jpg\",\"datePublished\":\"2018-02-16T11:05:22+00:00\",\"dateModified\":\"2025-09-23T12:09:23+00:00\",\"author\":{\"@id\":\"https:\\\/\\\/multisite.list-gmbh.de\\\/list-gmbh\\\/#\\\/schema\\\/person\\\/bae5041963dffaf3400f5c594a04a71a\"},\"breadcrumb\":{\"@id\":\"https:\\\/\\\/multisite.list-gmbh.de\\\/list-gmbh\\\/433-kindertagesstaette-kiesteich-surfer\\\/#breadcrumb\"},\"inLanguage\":\"de\",\"potentialAction\":[{\"@type\":\"ReadAction\",\"target\":[\"https:\\\/\\\/multisite.list-gmbh.de\\\/list-gmbh\\\/433-kindertagesstaette-kiesteich-surfer\\\/\"]}]},{\"@type\":\"ImageObject\",\"inLanguage\":\"de\",\"@id\":\"https:\\\/\\\/multisite.list-gmbh.de\\\/list-gmbh\\\/433-kindertagesstaette-kiesteich-surfer\\\/#primaryimage\",\"url\":\"https:\\\/\\\/multisite.list-gmbh.de\\\/list-gmbh\\\/wp-content\\\/uploads\\\/sites\\\/9\\\/2018\\\/02\\\/Kita-Am-Kiesteich-40Urheber-b75.jpg\",\"contentUrl\":\"https:\\\/\\\/multisite.list-gmbh.de\\\/list-gmbh\\\/wp-content\\\/uploads\\\/sites\\\/9\\\/2018\\\/02\\\/Kita-Am-Kiesteich-40Urheber-b75.jpg\",\"width\":1440,\"height\":900},{\"@type\":\"BreadcrumbList\",\"@id\":\"https:\\\/\\\/multisite.list-gmbh.de\\\/list-gmbh\\\/433-kindertagesstaette-kiesteich-surfer\\\/#breadcrumb\",\"itemListElement\":[{\"@type\":\"ListItem\",\"position\":1,\"name\":\"Startseite\",\"item\":\"https:\\\/\\\/multisite.list-gmbh.de\\\/list-gmbh\\\/\"},{\"@type\":\"ListItem\",\"position\":2,\"name\":\"Kindertagesst\u00e4tte &#8222;Kiesteich-Surfer&#8220;\"}]},{\"@type\":\"WebSite\",\"@id\":\"https:\\\/\\\/multisite.list-gmbh.de\\\/list-gmbh\\\/#website\",\"url\":\"https:\\\/\\\/multisite.list-gmbh.de\\\/list-gmbh\\\/\",\"name\":\"L.I.S.T. GmbH\",\"description\":\"\",\"potentialAction\":[{\"@type\":\"SearchAction\",\"target\":{\"@type\":\"EntryPoint\",\"urlTemplate\":\"https:\\\/\\\/multisite.list-gmbh.de\\\/list-gmbh\\\/?s={search_term_string}\"},\"query-input\":{\"@type\":\"PropertyValueSpecification\",\"valueRequired\":true,\"valueName\":\"search_term_string\"}}],\"inLanguage\":\"de\"},{\"@type\":\"Person\",\"@id\":\"https:\\\/\\\/multisite.list-gmbh.de\\\/list-gmbh\\\/#\\\/schema\\\/person\\\/bae5041963dffaf3400f5c594a04a71a\",\"name\":\"Christian Luchmann\",\"url\":\"https:\\\/\\\/multisite.list-gmbh.de\\\/list-gmbh\\\/author\\\/cluchmann\\\/\"}]}<\/script>\n<!-- \/ Yoast SEO plugin. -->","yoast_head_json":{"title":"Kindertagesst\u00e4tte \"Kiesteich-Surfer\" - L.I.S.T. GmbH","robots":{"index":"noindex","follow":"follow","max-snippet":"max-snippet:-1","max-image-preview":"max-image-preview:large","max-video-preview":"max-video-preview:-1"},"og_locale":"de_DE","og_type":"article","og_title":"Kindertagesst\u00e4tte \"Kiesteich-Surfer\" - L.I.S.T. GmbH","og_description":"Der Tr\u00e4ger casablanca gGmbH hat in Berlin Spandau eine Kindestagesst\u00e4tte im Falkenhagener Feld gebaut. Wir \u00fcbernahmen bei diesem Bauvorhaben von 2016-2019 die Projektsteuerung.","og_url":"https:\/\/multisite.list-gmbh.de\/list-gmbh\/433-kindertagesstaette-kiesteich-surfer\/","og_site_name":"L.I.S.T. GmbH","article_published_time":"2018-02-16T11:05:22+00:00","article_modified_time":"2025-09-23T12:09:23+00:00","og_image":[{"width":1440,"height":900,"url":"https:\/\/multisite.list-gmbh.de\/list-gmbh\/wp-content\/uploads\/sites\/9\/2018\/02\/Kita-Am-Kiesteich-40Urheber-b75.jpg","type":"image\/jpeg"}],"author":"Christian Luchmann","twitter_card":"summary_large_image","twitter_misc":{"Verfasst von":"Christian Luchmann","Gesch\u00e4tzte Lesezeit":"3\u00a0Minuten"},"schema":{"@context":"https:\/\/schema.org","@graph":[{"@type":"Article","@id":"https:\/\/multisite.list-gmbh.de\/list-gmbh\/433-kindertagesstaette-kiesteich-surfer\/#article","isPartOf":{"@id":"https:\/\/multisite.list-gmbh.de\/list-gmbh\/433-kindertagesstaette-kiesteich-surfer\/"},"author":{"name":"Christian Luchmann","@id":"https:\/\/multisite.list-gmbh.de\/list-gmbh\/#\/schema\/person\/bae5041963dffaf3400f5c594a04a71a"},"headline":"Kindertagesst\u00e4tte &#8222;Kiesteich-Surfer&#8220;","datePublished":"2018-02-16T11:05:22+00:00","dateModified":"2025-09-23T12:09:23+00:00","mainEntityOfPage":{"@id":"https:\/\/multisite.list-gmbh.de\/list-gmbh\/433-kindertagesstaette-kiesteich-surfer\/"},"wordCount":217,"image":{"@id":"https:\/\/multisite.list-gmbh.de\/list-gmbh\/433-kindertagesstaette-kiesteich-surfer\/#primaryimage"},"thumbnailUrl":"https:\/\/multisite.list-gmbh.de\/list-gmbh\/wp-content\/uploads\/sites\/9\/2018\/02\/Kita-Am-Kiesteich-40Urheber-b75.jpg","articleSection":["Projekte PS","Projektsteuerung"],"inLanguage":"de"},{"@type":"WebPage","@id":"https:\/\/multisite.list-gmbh.de\/list-gmbh\/433-kindertagesstaette-kiesteich-surfer\/","url":"https:\/\/multisite.list-gmbh.de\/list-gmbh\/433-kindertagesstaette-kiesteich-surfer\/","name":"Kindertagesst\u00e4tte \"Kiesteich-Surfer\" - L.I.S.T. GmbH","isPartOf":{"@id":"https:\/\/multisite.list-gmbh.de\/list-gmbh\/#website"},"primaryImageOfPage":{"@id":"https:\/\/multisite.list-gmbh.de\/list-gmbh\/433-kindertagesstaette-kiesteich-surfer\/#primaryimage"},"image":{"@id":"https:\/\/multisite.list-gmbh.de\/list-gmbh\/433-kindertagesstaette-kiesteich-surfer\/#primaryimage"},"thumbnailUrl":"https:\/\/multisite.list-gmbh.de\/list-gmbh\/wp-content\/uploads\/sites\/9\/2018\/02\/Kita-Am-Kiesteich-40Urheber-b75.jpg","datePublished":"2018-02-16T11:05:22+00:00","dateModified":"2025-09-23T12:09:23+00:00","author":{"@id":"https:\/\/multisite.list-gmbh.de\/list-gmbh\/#\/schema\/person\/bae5041963dffaf3400f5c594a04a71a"},"breadcrumb":{"@id":"https:\/\/multisite.list-gmbh.de\/list-gmbh\/433-kindertagesstaette-kiesteich-surfer\/#breadcrumb"},"inLanguage":"de","potentialAction":[{"@type":"ReadAction","target":["https:\/\/multisite.list-gmbh.de\/list-gmbh\/433-kindertagesstaette-kiesteich-surfer\/"]}]},{"@type":"ImageObject","inLanguage":"de","@id":"https:\/\/multisite.list-gmbh.de\/list-gmbh\/433-kindertagesstaette-kiesteich-surfer\/#primaryimage","url":"https:\/\/multisite.list-gmbh.de\/list-gmbh\/wp-content\/uploads\/sites\/9\/2018\/02\/Kita-Am-Kiesteich-40Urheber-b75.jpg","contentUrl":"https:\/\/multisite.list-gmbh.de\/list-gmbh\/wp-content\/uploads\/sites\/9\/2018\/02\/Kita-Am-Kiesteich-40Urheber-b75.jpg","width":1440,"height":900},{"@type":"BreadcrumbList","@id":"https:\/\/multisite.list-gmbh.de\/list-gmbh\/433-kindertagesstaette-kiesteich-surfer\/#breadcrumb","itemListElement":[{"@type":"ListItem","position":1,"name":"Startseite","item":"https:\/\/multisite.list-gmbh.de\/list-gmbh\/"},{"@type":"ListItem","position":2,"name":"Kindertagesst\u00e4tte &#8222;Kiesteich-Surfer&#8220;"}]},{"@type":"WebSite","@id":"https:\/\/multisite.list-gmbh.de\/list-gmbh\/#website","url":"https:\/\/multisite.list-gmbh.de\/list-gmbh\/","name":"L.I.S.T. GmbH","description":"","potentialAction":[{"@type":"SearchAction","target":{"@type":"EntryPoint","urlTemplate":"https:\/\/multisite.list-gmbh.de\/list-gmbh\/?s={search_term_string}"},"query-input":{"@type":"PropertyValueSpecification","valueRequired":true,"valueName":"search_term_string"}}],"inLanguage":"de"},{"@type":"Person","@id":"https:\/\/multisite.list-gmbh.de\/list-gmbh\/#\/schema\/person\/bae5041963dffaf3400f5c594a04a71a","name":"Christian Luchmann","url":"https:\/\/multisite.list-gmbh.de\/list-gmbh\/author\/cluchmann\/"}]}},"spectra_custom_meta":{"_thumbnail_id":["432"],"_fgj2wp_old_id":["211"],"_edit_lock":["1758629364:64"],"_edit_last":["64"],"_yoast_wpseo_primary_category":["20"],"_yoast_wpseo_content_score":["90"],"_yoast_wpseo_estimated-reading-time-minutes":["3"],"_wp_page_template":["default"],"_uag_css_file_name":["uag-css-433.css"],"_uag_page_assets":["a:9:{s:3:\"css\";s:263:\".uag-blocks-common-selector{z-index:var(--z-index-desktop) !important}@media (max-width: 976px){.uag-blocks-common-selector{z-index:var(--z-index-tablet) !important}}@media (max-width: 767px){.uag-blocks-common-selector{z-index:var(--z-index-mobile) !important}}\n\";s:2:\"js\";s:0:\"\";s:18:\"current_block_list\";a:11:{i:0;s:14:\"core\/paragraph\";i:1;s:9:\"core\/more\";i:2;s:10:\"core\/image\";i:3;s:12:\"core\/gallery\";i:4;s:11:\"core\/search\";i:5;s:10:\"core\/group\";i:6;s:12:\"core\/heading\";i:7;s:17:\"core\/latest-posts\";i:8;s:20:\"core\/latest-comments\";i:9;s:13:\"core\/archives\";i:10;s:15:\"core\/categories\";}s:8:\"uag_flag\";b:0;s:11:\"uag_version\";s:10:\"1777471812\";s:6:\"gfonts\";a:0:{}s:10:\"gfonts_url\";s:0:\"\";s:12:\"gfonts_files\";a:0:{}s:14:\"uag_faq_layout\";b:0;}"]},"uagb_featured_image_src":{"full":["https:\/\/multisite.list-gmbh.de\/list-gmbh\/wp-content\/uploads\/sites\/9\/2018\/02\/Kita-Am-Kiesteich-40Urheber-b75.jpg",1440,900,false],"thumbnail":["https:\/\/multisite.list-gmbh.de\/list-gmbh\/wp-content\/uploads\/sites\/9\/2018\/02\/Kita-Am-Kiesteich-40Urheber-b75-150x150.jpg",150,150,true],"medium":["https:\/\/multisite.list-gmbh.de\/list-gmbh\/wp-content\/uploads\/sites\/9\/2018\/02\/Kita-Am-Kiesteich-40Urheber-b75-300x188.jpg",300,188,true],"medium_large":["https:\/\/multisite.list-gmbh.de\/list-gmbh\/wp-content\/uploads\/sites\/9\/2018\/02\/Kita-Am-Kiesteich-40Urheber-b75-768x480.jpg",768,480,true],"large":["https:\/\/multisite.list-gmbh.de\/list-gmbh\/wp-content\/uploads\/sites\/9\/2018\/02\/Kita-Am-Kiesteich-40Urheber-b75-1024x640.jpg",1024,640,true],"1536x1536":["https:\/\/multisite.list-gmbh.de\/list-gmbh\/wp-content\/uploads\/sites\/9\/2018\/02\/Kita-Am-Kiesteich-40Urheber-b75.jpg",1440,900,false],"2048x2048":["https:\/\/multisite.list-gmbh.de\/list-gmbh\/wp-content\/uploads\/sites\/9\/2018\/02\/Kita-Am-Kiesteich-40Urheber-b75.jpg",1440,900,false],"gform-image-choice-sm":["https:\/\/multisite.list-gmbh.de\/list-gmbh\/wp-content\/uploads\/sites\/9\/2018\/02\/Kita-Am-Kiesteich-40Urheber-b75.jpg",300,188,false],"gform-image-choice-md":["https:\/\/multisite.list-gmbh.de\/list-gmbh\/wp-content\/uploads\/sites\/9\/2018\/02\/Kita-Am-Kiesteich-40Urheber-b75.jpg",400,250,false],"gform-image-choice-lg":["https:\/\/multisite.list-gmbh.de\/list-gmbh\/wp-content\/uploads\/sites\/9\/2018\/02\/Kita-Am-Kiesteich-40Urheber-b75.jpg",600,375,false]},"uagb_author_info":{"display_name":"Christian Luchmann","author_link":"https:\/\/multisite.list-gmbh.de\/list-gmbh\/author\/cluchmann\/"},"uagb_comment_info":0,"uagb_excerpt":"Der Tr\u00e4ger casablanca gGmbH hat in Berlin Spandau eine Kindestagesst\u00e4tte im Falkenhagener Feld gebaut. Wir \u00fcbernahmen bei diesem Bauvorhaben von 2016-2019 die Projektsteuerung.","_links":{"self":[{"href":"https:\/\/multisite.list-gmbh.de\/list-gmbh\/wp-json\/wp\/v2\/posts\/433","targetHints":{"allow":["GET"]}}],"collection":[{"href":"https:\/\/multisite.list-gmbh.de\/list-gmbh\/wp-json\/wp\/v2\/posts"}],"about":[{"href":"https:\/\/multisite.list-gmbh.de\/list-gmbh\/wp-json\/wp\/v2\/types\/post"}],"author":[{"embeddable":true,"href":"https:\/\/multisite.list-gmbh.de\/list-gmbh\/wp-json\/wp\/v2\/users\/61"}],"replies":[{"embeddable":true,"href":"https:\/\/multisite.list-gmbh.de\/list-gmbh\/wp-json\/wp\/v2\/comments?post=433"}],"version-history":[{"count":3,"href":"https:\/\/multisite.list-gmbh.de\/list-gmbh\/wp-json\/wp\/v2\/posts\/433\/revisions"}],"predecessor-version":[{"id":3390,"href":"https:\/\/multisite.list-gmbh.de\/list-gmbh\/wp-json\/wp\/v2\/posts\/433\/revisions\/3390"}],"wp:featuredmedia":[{"embeddable":true,"href":"https:\/\/multisite.list-gmbh.de\/list-gmbh\/wp-json\/wp\/v2\/media\/432"}],"wp:attachment":[{"href":"https:\/\/multisite.list-gmbh.de\/list-gmbh\/wp-json\/wp\/v2\/media?parent=433"}],"wp:term":[{"taxonomy":"category","embeddable":true,"href":"https:\/\/multisite.list-gmbh.de\/list-gmbh\/wp-json\/wp\/v2\/categories?post=433"},{"taxonomy":"post_tag","embeddable":true,"href":"https:\/\/multisite.list-gmbh.de\/list-gmbh\/wp-json\/wp\/v2\/tags?post=433"}],"curies":[{"name":"wp","href":"https:\/\/api.w.org\/{rel}","templated":true}]}}