{"id":410,"date":"2015-09-15T16:55:32","date_gmt":"2015-09-15T14:55:32","guid":{"rendered":"https:\/\/multisite.list-gmbh.de\/list-gmbh\/410-campus-ruetli-cr2\/"},"modified":"2025-09-08T11:28:58","modified_gmt":"2025-09-08T09:28:58","slug":"campus-ruetli-cr2","status":"publish","type":"post","link":"https:\/\/multisite.list-gmbh.de\/list-gmbh\/410-campus-ruetli-cr2\/","title":{"rendered":"Projekt- und Akteurskoordination Campus R\u00fctli \u2013 CR\u00b2"},"content":{"rendered":"<p>Zwischen Januar 2015 und Dezember 2017 \u00fcbernahm die L.I.S.T. GmbH die Projekt- und Akteurskoordination f\u00fcr den Campus R\u00fctli \u2013 CR\u00b2 im Auftrag der Senatsverwaltung f\u00fcr Stadtentwicklung und Umwelt. Mit dem 2007 ins Leben gerufenen Modellprojekt Campus R\u00fctli \u2013 CR\u00b2 ist ein zentraler Berliner Bildungsstandort endstanden, offen eingebettet in die Stadtteil-Nachbarschaft im Neuk\u00f6llner Norden.<\/p>\n<p><!--more--><\/p>\n<p><img loading=\"lazy\" decoding=\"async\" class=\" size-full wp-image-407\" src=\"https:\/\/multisite.list-gmbh.de\/list-gmbh\/wp-content\/uploads\/sites\/9\/2015\/09\/Campus_Ruetli_1-2a6.jpg\" alt=\"Campus R\u00fctli 1\" width=\"865\" height=\"508\" \/><\/p>\n<p>Der Campus R\u00fctli, das sind in gemeinsamer Verantwortung geleitete und kooperierende Einrichtungen:<\/p>\n<ul style=\"list-style-type: disc\">\n<li>zwei Kitas<\/li>\n<li>eine Gemeinschaftsschule<\/li>\n<li>eine Jugendfreizeiteinrichtung<\/li>\n<li>eine Quartiershalle<\/li>\n<\/ul>\n<p>Die Einrichtungen werden erg\u00e4nzt und bieten Platz f\u00fcr weitere Module und \u00f6ffentliche Dienstleistungen wie: Stadtteil-Lernwerkstatt, P\u00e4dagogische Werkstatt, Tempor\u00e4re Galerie, Elterncaf\u00e9, Kinder-Jugend-Gesundheits-Dienst. Das Projekt wird durch Politik, Verwaltung, Quartiersmanagement und zivilgesellschaftlichen Institutionen, wie der Stiftung Freudenberg sowie von engagierten Bewohner_innen unterst\u00fctzt.<br \/>\nDieser integrative Bildungsansatz wird durch die weitere r\u00e4umliche Zuordnung und Gestaltung von Sozial-, Gesundheits-, und Bildungsangeboten sowie von Freifl\u00e4chen auf dem Campus sichtbar und erlebbar. Neben den Schulerweiterungsbauten werden ein Stadtteilzentrum und eine Berufswerkstatt als weitere Einrichtungen neu gebaut. In diese Neubauten ziehen unter anderem ein Elternzentrum und die Stadtteilkoordinationsstelle ein und das Jugendamt, der Zahn\u00e4rztliche Dienst und die Volkshochschule richten Angebote ein. Die bewusste Zusammenarbeit der einzelnen Einrichtungen \u00fcber die jeweils eigenen Verantwortungsbereiche hinaus hat das Ziel, die \u00dcberg\u00e4nge f\u00fcr Kinder (und deren Eltern) zwischen den Einrichtungen zu harmonisieren und so individuelle Biographie begleitende F\u00f6rderwege f\u00fcr Menschen von der Kita bis ins Berufsleben zu erm\u00f6glichen. F\u00fcr die Ausgestaltung und Umsetzung des Konzepts organisierte die L.I.S.T. GmbH monatliche Arbeitstreffen der Akteure des Campus R\u00fctli. Die Akteure waren und sind dar\u00fcber hinaus in der Nachbarschaft und im Sozialraum vielf\u00e4ltig in Bildungseinrichtungen und \u00fcber den Lokalen Bildungsverbund (LBV) vernetzt.<\/p>\n<p><img loading=\"lazy\" decoding=\"async\" class=\" alignleft size-full wp-image-408\" style=\"margin-right: 15px;margin-bottom: 10px;margin-top: 6px;float: left\" src=\"https:\/\/multisite.list-gmbh.de\/list-gmbh\/wp-content\/uploads\/sites\/9\/2015\/09\/Campus-Ruetli-2_web-bdf.jpg\" alt=\"Campus Ruetli 2 web\" width=\"230\" height=\"173\" srcset=\"https:\/\/multisite.list-gmbh.de\/list-gmbh\/wp-content\/uploads\/sites\/9\/2015\/09\/Campus-Ruetli-2_web-bdf.jpg 500w, https:\/\/multisite.list-gmbh.de\/list-gmbh\/wp-content\/uploads\/sites\/9\/2015\/09\/Campus-Ruetli-2_web-bdf-300x225.jpg 300w\" sizes=\"auto, (max-width: 230px) 100vw, 230px\" \/>Als Projekt- und Akteurskoordination trug die L.I.S.T. GmbH den Campus-Gedanken ins Quartier, wir nahmen dort an sozialr\u00e4umlichen Vernetzungsrunden teil und unterst\u00fctzen die Akteure dabei, den Campus R\u00fctli weiter in den Stadtteil zu \u00f6ffnen. Neben dieser zielgruppenspezifischen \u00d6ffentlichkeitsarbeit organisierten wir offene Austausche, Informationsveranstaltungen und Rundg\u00e4nge. Durch die vielf\u00e4ltigen Formate werden Nutzende und Zielgruppen der Campusangebote in die Bildungs- und Baugestaltungsthemen eingebunden. Somit wuchs das Bildungskonzept des Campus mit dem Quartiersleben zusammen und tr\u00e4gt nachhaltig zur positiven Gebietsentwicklung bei.<\/p>\n<p>F\u00fcr die Realisierung des Campus-Konzepts stehen weitere Bauma\u00dfnahmen an. So entstehen Neubauten f\u00fcr den Schulerweiterungsbau, Werkst\u00e4tten f\u00fcr die Schule (f\u00fcr das Unterrichtsfach Wirtschaft, Arbeit, Technik &#8211; WAT) und ein Elternzentrum. Die Mensaerweiterung, die Berufswerkstatt und die Sanierung der Jugendeinrichtung \u201eManege\u201c befinden sich ebenfalls in der Entwicklung. Die L.I.S.T. GmbH agierte hier als Koordinations- und Schnittstelle zwischen den Akteuren des Campus, dem Bauherrn (Bezirksamt Neuk\u00f6lln) und den Architekt_innen, um einen reibungslosen Planungs- und Bauablauf zu unterst\u00fctzen. Dabei war unser wichtigstes Anliegen die stetige Einbindung und Ber\u00fccksichtigung des Campusgedanken und die Bed\u00fcrfnisse der Akteure bei den Bauma\u00dfnahmen. Wir vertraten den Campus bei den Bauaussch\u00fcsse und stellten sicher, dass sich das Konzept Campus R\u00fctli auch w\u00e4hrend der Bauma\u00dfnahmen bestm\u00f6glich entfalten und weiterentwickeln konnte.<\/p>\n<p>Die Brosch\u00fcre zum Projekt Campus R\u00fctli &#8211; CR\u00b2 (pdf): <a class=\"wf_file\" href=\"https:\/\/multisite.list-gmbh.de\/list-gmbh\/wp-content\/uploads\/sites\/9\/2015\/09\/CampusRuetli_Broschuere_LIST-GmbH-a0e.pdf\"><span class=\"wf_file_text\">CampusRuetli_Broschuere_LIST-GmbH.pdf<\/span><\/a><\/p>\n<p>Weitere Informationen unter: <a href=\"http:\/\/www.campusruetli.de\" target=\"_blank\" rel=\"noopener\">www.campusruetli.de<\/a><\/p>\n","protected":false},"excerpt":{"rendered":"<p>Zwischen Januar 2015 und Dezember 2017 \u00fcbernahm die L.I.S.T. GmbH die Projekt- und Akteurskoordination f\u00fcr den Campus R\u00fctli \u2013 CR\u00b2 im Auftrag der Senatsverwaltung f\u00fcr Stadtentwicklung und Umwelt. Mit dem&hellip;<\/p>\n","protected":false},"author":1,"featured_media":407,"comment_status":"closed","ping_status":"closed","sticky":false,"template":"","format":"standard","meta":{"_acf_changed":false,"_uag_custom_page_level_css":"","footnotes":""},"categories":[31,11],"tags":[],"class_list":["post-410","post","type-post","status-publish","format-standard","has-post-thumbnail","hentry","category-projektentwicklung","category-projektsteuerung"],"acf":[],"yoast_head":"<!-- This site is optimized with the Yoast SEO plugin v27.4 - https:\/\/yoast.com\/product\/yoast-seo-wordpress\/ -->\n<title>Projekt- und Akteurskoordination Campus R\u00fctli \u2013 CR\u00b2 - L.I.S.T. GmbH<\/title>\n<meta name=\"robots\" content=\"noindex, follow, max-snippet:-1, max-image-preview:large, max-video-preview:-1\" \/>\n<meta property=\"og:locale\" content=\"de_DE\" \/>\n<meta property=\"og:type\" content=\"article\" \/>\n<meta property=\"og:title\" content=\"Projekt- und Akteurskoordination Campus R\u00fctli \u2013 CR\u00b2 - L.I.S.T. GmbH\" \/>\n<meta property=\"og:description\" content=\"Zwischen Januar 2015 und Dezember 2017 \u00fcbernahm die L.I.S.T. GmbH die Projekt- und Akteurskoordination f\u00fcr den Campus R\u00fctli \u2013 CR\u00b2 im Auftrag der Senatsverwaltung f\u00fcr Stadtentwicklung und Umwelt. Mit dem&hellip;\" \/>\n<meta property=\"og:url\" content=\"https:\/\/multisite.list-gmbh.de\/list-gmbh\/410-campus-ruetli-cr2\/\" \/>\n<meta property=\"og:site_name\" content=\"L.I.S.T. GmbH\" \/>\n<meta property=\"article:published_time\" content=\"2015-09-15T14:55:32+00:00\" \/>\n<meta property=\"article:modified_time\" content=\"2025-09-08T09:28:58+00:00\" \/>\n<meta property=\"og:image\" content=\"https:\/\/multisite.list-gmbh.de\/list-gmbh\/wp-content\/uploads\/sites\/9\/2015\/09\/Campus_Ruetli_1-2a6.jpg\" \/>\n\t<meta property=\"og:image:width\" content=\"1000\" \/>\n\t<meta property=\"og:image:height\" content=\"563\" \/>\n\t<meta property=\"og:image:type\" content=\"image\/jpeg\" \/>\n<meta name=\"author\" content=\"eniky\" \/>\n<meta name=\"twitter:card\" content=\"summary_large_image\" \/>\n<meta name=\"twitter:label1\" content=\"Verfasst von\" \/>\n\t<meta name=\"twitter:data1\" content=\"eniky\" \/>\n\t<meta name=\"twitter:label2\" content=\"Gesch\u00e4tzte Lesezeit\" \/>\n\t<meta name=\"twitter:data2\" content=\"4\u00a0Minuten\" \/>\n<script type=\"application\/ld+json\" class=\"yoast-schema-graph\">{\"@context\":\"https:\\\/\\\/schema.org\",\"@graph\":[{\"@type\":\"Article\",\"@id\":\"https:\\\/\\\/multisite.list-gmbh.de\\\/list-gmbh\\\/410-campus-ruetli-cr2\\\/#article\",\"isPartOf\":{\"@id\":\"https:\\\/\\\/multisite.list-gmbh.de\\\/list-gmbh\\\/410-campus-ruetli-cr2\\\/\"},\"author\":{\"name\":\"eniky\",\"@id\":\"https:\\\/\\\/multisite.list-gmbh.de\\\/list-gmbh\\\/#\\\/schema\\\/person\\\/14ff92b32da9f9c01d1f35830eed4f1b\"},\"headline\":\"Projekt- und Akteurskoordination Campus R\u00fctli \u2013 CR\u00b2\",\"datePublished\":\"2015-09-15T14:55:32+00:00\",\"dateModified\":\"2025-09-08T09:28:58+00:00\",\"mainEntityOfPage\":{\"@id\":\"https:\\\/\\\/multisite.list-gmbh.de\\\/list-gmbh\\\/410-campus-ruetli-cr2\\\/\"},\"wordCount\":539,\"image\":{\"@id\":\"https:\\\/\\\/multisite.list-gmbh.de\\\/list-gmbh\\\/410-campus-ruetli-cr2\\\/#primaryimage\"},\"thumbnailUrl\":\"https:\\\/\\\/multisite.list-gmbh.de\\\/list-gmbh\\\/wp-content\\\/uploads\\\/sites\\\/9\\\/2015\\\/09\\\/Campus_Ruetli_1-2a6.jpg\",\"articleSection\":[\"Projektentwicklung\",\"Projektsteuerung\"],\"inLanguage\":\"de\"},{\"@type\":\"WebPage\",\"@id\":\"https:\\\/\\\/multisite.list-gmbh.de\\\/list-gmbh\\\/410-campus-ruetli-cr2\\\/\",\"url\":\"https:\\\/\\\/multisite.list-gmbh.de\\\/list-gmbh\\\/410-campus-ruetli-cr2\\\/\",\"name\":\"Projekt- und Akteurskoordination Campus R\u00fctli \u2013 CR\u00b2 - L.I.S.T. GmbH\",\"isPartOf\":{\"@id\":\"https:\\\/\\\/multisite.list-gmbh.de\\\/list-gmbh\\\/#website\"},\"primaryImageOfPage\":{\"@id\":\"https:\\\/\\\/multisite.list-gmbh.de\\\/list-gmbh\\\/410-campus-ruetli-cr2\\\/#primaryimage\"},\"image\":{\"@id\":\"https:\\\/\\\/multisite.list-gmbh.de\\\/list-gmbh\\\/410-campus-ruetli-cr2\\\/#primaryimage\"},\"thumbnailUrl\":\"https:\\\/\\\/multisite.list-gmbh.de\\\/list-gmbh\\\/wp-content\\\/uploads\\\/sites\\\/9\\\/2015\\\/09\\\/Campus_Ruetli_1-2a6.jpg\",\"datePublished\":\"2015-09-15T14:55:32+00:00\",\"dateModified\":\"2025-09-08T09:28:58+00:00\",\"author\":{\"@id\":\"https:\\\/\\\/multisite.list-gmbh.de\\\/list-gmbh\\\/#\\\/schema\\\/person\\\/14ff92b32da9f9c01d1f35830eed4f1b\"},\"breadcrumb\":{\"@id\":\"https:\\\/\\\/multisite.list-gmbh.de\\\/list-gmbh\\\/410-campus-ruetli-cr2\\\/#breadcrumb\"},\"inLanguage\":\"de\",\"potentialAction\":[{\"@type\":\"ReadAction\",\"target\":[\"https:\\\/\\\/multisite.list-gmbh.de\\\/list-gmbh\\\/410-campus-ruetli-cr2\\\/\"]}]},{\"@type\":\"ImageObject\",\"inLanguage\":\"de\",\"@id\":\"https:\\\/\\\/multisite.list-gmbh.de\\\/list-gmbh\\\/410-campus-ruetli-cr2\\\/#primaryimage\",\"url\":\"https:\\\/\\\/multisite.list-gmbh.de\\\/list-gmbh\\\/wp-content\\\/uploads\\\/sites\\\/9\\\/2015\\\/09\\\/Campus_Ruetli_1-2a6.jpg\",\"contentUrl\":\"https:\\\/\\\/multisite.list-gmbh.de\\\/list-gmbh\\\/wp-content\\\/uploads\\\/sites\\\/9\\\/2015\\\/09\\\/Campus_Ruetli_1-2a6.jpg\",\"width\":1000,\"height\":563,\"caption\":\"Campus R\u00fctli 1\"},{\"@type\":\"BreadcrumbList\",\"@id\":\"https:\\\/\\\/multisite.list-gmbh.de\\\/list-gmbh\\\/410-campus-ruetli-cr2\\\/#breadcrumb\",\"itemListElement\":[{\"@type\":\"ListItem\",\"position\":1,\"name\":\"Startseite\",\"item\":\"https:\\\/\\\/multisite.list-gmbh.de\\\/list-gmbh\\\/\"},{\"@type\":\"ListItem\",\"position\":2,\"name\":\"Projekt- und Akteurskoordination Campus R\u00fctli \u2013 CR\u00b2\"}]},{\"@type\":\"WebSite\",\"@id\":\"https:\\\/\\\/multisite.list-gmbh.de\\\/list-gmbh\\\/#website\",\"url\":\"https:\\\/\\\/multisite.list-gmbh.de\\\/list-gmbh\\\/\",\"name\":\"L.I.S.T. GmbH\",\"description\":\"\",\"potentialAction\":[{\"@type\":\"SearchAction\",\"target\":{\"@type\":\"EntryPoint\",\"urlTemplate\":\"https:\\\/\\\/multisite.list-gmbh.de\\\/list-gmbh\\\/?s={search_term_string}\"},\"query-input\":{\"@type\":\"PropertyValueSpecification\",\"valueRequired\":true,\"valueName\":\"search_term_string\"}}],\"inLanguage\":\"de\"},{\"@type\":\"Person\",\"@id\":\"https:\\\/\\\/multisite.list-gmbh.de\\\/list-gmbh\\\/#\\\/schema\\\/person\\\/14ff92b32da9f9c01d1f35830eed4f1b\",\"name\":\"eniky\",\"sameAs\":[\"https:\\\/\\\/multisite.list-gmbh.de\"],\"url\":\"https:\\\/\\\/multisite.list-gmbh.de\\\/list-gmbh\\\/author\\\/eniky\\\/\"}]}<\/script>\n<!-- \/ Yoast SEO plugin. -->","yoast_head_json":{"title":"Projekt- und Akteurskoordination Campus R\u00fctli \u2013 CR\u00b2 - L.I.S.T. GmbH","robots":{"index":"noindex","follow":"follow","max-snippet":"max-snippet:-1","max-image-preview":"max-image-preview:large","max-video-preview":"max-video-preview:-1"},"og_locale":"de_DE","og_type":"article","og_title":"Projekt- und Akteurskoordination Campus R\u00fctli \u2013 CR\u00b2 - L.I.S.T. GmbH","og_description":"Zwischen Januar 2015 und Dezember 2017 \u00fcbernahm die L.I.S.T. GmbH die Projekt- und Akteurskoordination f\u00fcr den Campus R\u00fctli \u2013 CR\u00b2 im Auftrag der Senatsverwaltung f\u00fcr Stadtentwicklung und Umwelt. Mit dem&hellip;","og_url":"https:\/\/multisite.list-gmbh.de\/list-gmbh\/410-campus-ruetli-cr2\/","og_site_name":"L.I.S.T. GmbH","article_published_time":"2015-09-15T14:55:32+00:00","article_modified_time":"2025-09-08T09:28:58+00:00","og_image":[{"width":1000,"height":563,"url":"https:\/\/multisite.list-gmbh.de\/list-gmbh\/wp-content\/uploads\/sites\/9\/2015\/09\/Campus_Ruetli_1-2a6.jpg","type":"image\/jpeg"}],"author":"eniky","twitter_card":"summary_large_image","twitter_misc":{"Verfasst von":"eniky","Gesch\u00e4tzte Lesezeit":"4\u00a0Minuten"},"schema":{"@context":"https:\/\/schema.org","@graph":[{"@type":"Article","@id":"https:\/\/multisite.list-gmbh.de\/list-gmbh\/410-campus-ruetli-cr2\/#article","isPartOf":{"@id":"https:\/\/multisite.list-gmbh.de\/list-gmbh\/410-campus-ruetli-cr2\/"},"author":{"name":"eniky","@id":"https:\/\/multisite.list-gmbh.de\/list-gmbh\/#\/schema\/person\/14ff92b32da9f9c01d1f35830eed4f1b"},"headline":"Projekt- und Akteurskoordination Campus R\u00fctli \u2013 CR\u00b2","datePublished":"2015-09-15T14:55:32+00:00","dateModified":"2025-09-08T09:28:58+00:00","mainEntityOfPage":{"@id":"https:\/\/multisite.list-gmbh.de\/list-gmbh\/410-campus-ruetli-cr2\/"},"wordCount":539,"image":{"@id":"https:\/\/multisite.list-gmbh.de\/list-gmbh\/410-campus-ruetli-cr2\/#primaryimage"},"thumbnailUrl":"https:\/\/multisite.list-gmbh.de\/list-gmbh\/wp-content\/uploads\/sites\/9\/2015\/09\/Campus_Ruetli_1-2a6.jpg","articleSection":["Projektentwicklung","Projektsteuerung"],"inLanguage":"de"},{"@type":"WebPage","@id":"https:\/\/multisite.list-gmbh.de\/list-gmbh\/410-campus-ruetli-cr2\/","url":"https:\/\/multisite.list-gmbh.de\/list-gmbh\/410-campus-ruetli-cr2\/","name":"Projekt- und Akteurskoordination Campus R\u00fctli \u2013 CR\u00b2 - L.I.S.T. GmbH","isPartOf":{"@id":"https:\/\/multisite.list-gmbh.de\/list-gmbh\/#website"},"primaryImageOfPage":{"@id":"https:\/\/multisite.list-gmbh.de\/list-gmbh\/410-campus-ruetli-cr2\/#primaryimage"},"image":{"@id":"https:\/\/multisite.list-gmbh.de\/list-gmbh\/410-campus-ruetli-cr2\/#primaryimage"},"thumbnailUrl":"https:\/\/multisite.list-gmbh.de\/list-gmbh\/wp-content\/uploads\/sites\/9\/2015\/09\/Campus_Ruetli_1-2a6.jpg","datePublished":"2015-09-15T14:55:32+00:00","dateModified":"2025-09-08T09:28:58+00:00","author":{"@id":"https:\/\/multisite.list-gmbh.de\/list-gmbh\/#\/schema\/person\/14ff92b32da9f9c01d1f35830eed4f1b"},"breadcrumb":{"@id":"https:\/\/multisite.list-gmbh.de\/list-gmbh\/410-campus-ruetli-cr2\/#breadcrumb"},"inLanguage":"de","potentialAction":[{"@type":"ReadAction","target":["https:\/\/multisite.list-gmbh.de\/list-gmbh\/410-campus-ruetli-cr2\/"]}]},{"@type":"ImageObject","inLanguage":"de","@id":"https:\/\/multisite.list-gmbh.de\/list-gmbh\/410-campus-ruetli-cr2\/#primaryimage","url":"https:\/\/multisite.list-gmbh.de\/list-gmbh\/wp-content\/uploads\/sites\/9\/2015\/09\/Campus_Ruetli_1-2a6.jpg","contentUrl":"https:\/\/multisite.list-gmbh.de\/list-gmbh\/wp-content\/uploads\/sites\/9\/2015\/09\/Campus_Ruetli_1-2a6.jpg","width":1000,"height":563,"caption":"Campus R\u00fctli 1"},{"@type":"BreadcrumbList","@id":"https:\/\/multisite.list-gmbh.de\/list-gmbh\/410-campus-ruetli-cr2\/#breadcrumb","itemListElement":[{"@type":"ListItem","position":1,"name":"Startseite","item":"https:\/\/multisite.list-gmbh.de\/list-gmbh\/"},{"@type":"ListItem","position":2,"name":"Projekt- und Akteurskoordination Campus R\u00fctli \u2013 CR\u00b2"}]},{"@type":"WebSite","@id":"https:\/\/multisite.list-gmbh.de\/list-gmbh\/#website","url":"https:\/\/multisite.list-gmbh.de\/list-gmbh\/","name":"L.I.S.T. GmbH","description":"","potentialAction":[{"@type":"SearchAction","target":{"@type":"EntryPoint","urlTemplate":"https:\/\/multisite.list-gmbh.de\/list-gmbh\/?s={search_term_string}"},"query-input":{"@type":"PropertyValueSpecification","valueRequired":true,"valueName":"search_term_string"}}],"inLanguage":"de"},{"@type":"Person","@id":"https:\/\/multisite.list-gmbh.de\/list-gmbh\/#\/schema\/person\/14ff92b32da9f9c01d1f35830eed4f1b","name":"eniky","sameAs":["https:\/\/multisite.list-gmbh.de"],"url":"https:\/\/multisite.list-gmbh.de\/list-gmbh\/author\/eniky\/"}]}},"spectra_custom_meta":{"_thumbnail_id":["407"],"_fgj2wp_old_id":["196"],"_edit_lock":["1757323738:64"],"_edit_last":["64"],"_yoast_wpseo_primary_category":["11"],"_yoast_wpseo_content_score":["30"],"_yoast_wpseo_estimated-reading-time-minutes":["4"],"_wp_page_template":["default"],"_uag_css_file_name":["uag-css-410.css"],"_uag_page_assets":["a:9:{s:3:\"css\";s:263:\".uag-blocks-common-selector{z-index:var(--z-index-desktop) !important}@media (max-width: 976px){.uag-blocks-common-selector{z-index:var(--z-index-tablet) !important}}@media (max-width: 767px){.uag-blocks-common-selector{z-index:var(--z-index-mobile) !important}}\n\";s:2:\"js\";s:0:\"\";s:18:\"current_block_list\";a:7:{i:0;s:11:\"core\/search\";i:1;s:10:\"core\/group\";i:2;s:12:\"core\/heading\";i:3;s:17:\"core\/latest-posts\";i:4;s:20:\"core\/latest-comments\";i:5;s:13:\"core\/archives\";i:6;s:15:\"core\/categories\";}s:8:\"uag_flag\";b:0;s:11:\"uag_version\";s:10:\"1777552947\";s:6:\"gfonts\";a:0:{}s:10:\"gfonts_url\";s:0:\"\";s:12:\"gfonts_files\";a:0:{}s:14:\"uag_faq_layout\";b:0;}"],"isc_post_images":["a:4:{i:3566;s:89:\"https:\/\/multisite.list-gmbh.de\/list-gmbh\/wp-content\/uploads\/sites\/9\/2024\/04\/logo-list.png\";i:407;a:2:{s:3:\"src\";s:99:\"https:\/\/multisite.list-gmbh.de\/list-gmbh\/wp-content\/uploads\/sites\/9\/2015\/09\/Campus_Ruetli_1-2a6.jpg\";s:9:\"thumbnail\";b:1;}i:408;s:103:\"https:\/\/multisite.list-gmbh.de\/list-gmbh\/wp-content\/uploads\/sites\/9\/2015\/09\/Campus-Ruetli-2_web-bdf.jpg\";i:746;s:104:\"https:\/\/multisite.list-gmbh.de\/list-gmbh\/wp-content\/uploads\/sites\/9\/2025\/03\/Logo-List-GmbH-weiss-500.png\";}"]},"uagb_featured_image_src":{"full":["https:\/\/multisite.list-gmbh.de\/list-gmbh\/wp-content\/uploads\/sites\/9\/2015\/09\/Campus_Ruetli_1-2a6.jpg",1000,563,false],"thumbnail":["https:\/\/multisite.list-gmbh.de\/list-gmbh\/wp-content\/uploads\/sites\/9\/2015\/09\/Campus_Ruetli_1-2a6-150x150.jpg",150,150,true],"medium":["https:\/\/multisite.list-gmbh.de\/list-gmbh\/wp-content\/uploads\/sites\/9\/2015\/09\/Campus_Ruetli_1-2a6-300x169.jpg",300,169,true],"medium_large":["https:\/\/multisite.list-gmbh.de\/list-gmbh\/wp-content\/uploads\/sites\/9\/2015\/09\/Campus_Ruetli_1-2a6-768x432.jpg",768,432,true],"large":["https:\/\/multisite.list-gmbh.de\/list-gmbh\/wp-content\/uploads\/sites\/9\/2015\/09\/Campus_Ruetli_1-2a6.jpg",1000,563,false],"1536x1536":["https:\/\/multisite.list-gmbh.de\/list-gmbh\/wp-content\/uploads\/sites\/9\/2015\/09\/Campus_Ruetli_1-2a6.jpg",1000,563,false],"2048x2048":["https:\/\/multisite.list-gmbh.de\/list-gmbh\/wp-content\/uploads\/sites\/9\/2015\/09\/Campus_Ruetli_1-2a6.jpg",1000,563,false],"gform-image-choice-sm":["https:\/\/multisite.list-gmbh.de\/list-gmbh\/wp-content\/uploads\/sites\/9\/2015\/09\/Campus_Ruetli_1-2a6.jpg",300,169,false],"gform-image-choice-md":["https:\/\/multisite.list-gmbh.de\/list-gmbh\/wp-content\/uploads\/sites\/9\/2015\/09\/Campus_Ruetli_1-2a6.jpg",400,225,false],"gform-image-choice-lg":["https:\/\/multisite.list-gmbh.de\/list-gmbh\/wp-content\/uploads\/sites\/9\/2015\/09\/Campus_Ruetli_1-2a6.jpg",600,338,false]},"uagb_author_info":{"display_name":"eniky","author_link":"https:\/\/multisite.list-gmbh.de\/list-gmbh\/author\/eniky\/"},"uagb_comment_info":0,"uagb_excerpt":"Zwischen Januar 2015 und Dezember 2017 \u00fcbernahm die L.I.S.T. GmbH die Projekt- und Akteurskoordination f\u00fcr den Campus R\u00fctli \u2013 CR\u00b2 im Auftrag der Senatsverwaltung f\u00fcr Stadtentwicklung und Umwelt. Mit dem&hellip;","_links":{"self":[{"href":"https:\/\/multisite.list-gmbh.de\/list-gmbh\/wp-json\/wp\/v2\/posts\/410","targetHints":{"allow":["GET"]}}],"collection":[{"href":"https:\/\/multisite.list-gmbh.de\/list-gmbh\/wp-json\/wp\/v2\/posts"}],"about":[{"href":"https:\/\/multisite.list-gmbh.de\/list-gmbh\/wp-json\/wp\/v2\/types\/post"}],"author":[{"embeddable":true,"href":"https:\/\/multisite.list-gmbh.de\/list-gmbh\/wp-json\/wp\/v2\/users\/1"}],"replies":[{"embeddable":true,"href":"https:\/\/multisite.list-gmbh.de\/list-gmbh\/wp-json\/wp\/v2\/comments?post=410"}],"version-history":[{"count":2,"href":"https:\/\/multisite.list-gmbh.de\/list-gmbh\/wp-json\/wp\/v2\/posts\/410\/revisions"}],"predecessor-version":[{"id":3436,"href":"https:\/\/multisite.list-gmbh.de\/list-gmbh\/wp-json\/wp\/v2\/posts\/410\/revisions\/3436"}],"wp:featuredmedia":[{"embeddable":true,"href":"https:\/\/multisite.list-gmbh.de\/list-gmbh\/wp-json\/wp\/v2\/media\/407"}],"wp:attachment":[{"href":"https:\/\/multisite.list-gmbh.de\/list-gmbh\/wp-json\/wp\/v2\/media?parent=410"}],"wp:term":[{"taxonomy":"category","embeddable":true,"href":"https:\/\/multisite.list-gmbh.de\/list-gmbh\/wp-json\/wp\/v2\/categories?post=410"},{"taxonomy":"post_tag","embeddable":true,"href":"https:\/\/multisite.list-gmbh.de\/list-gmbh\/wp-json\/wp\/v2\/tags?post=410"}],"curies":[{"name":"wp","href":"https:\/\/api.w.org\/{rel}","templated":true}]}}