{"id":399,"date":"2015-01-26T16:43:42","date_gmt":"2015-01-26T15:43:42","guid":{"rendered":"https:\/\/multisite.list-gmbh.de\/list-gmbh\/399-nauener-platz-umgestaltung-fuer-jung-und-alt\/"},"modified":"2025-08-31T13:44:22","modified_gmt":"2025-08-31T11:44:22","slug":"nauener-platz-umgestaltung-fuer-jung-und-alt","status":"publish","type":"post","link":"https:\/\/multisite.list-gmbh.de\/list-gmbh\/399-nauener-platz-umgestaltung-fuer-jung-und-alt\/","title":{"rendered":"Nauener Platz &#8211; Umgestaltung f\u00fcr Jung und Alt"},"content":{"rendered":"<p style=\"text-align: justify\">Der Nauener Platz zwischen Reinickendorfer Stra\u00dfe und Schulstra\u00dfe im Gebiet des Quartiersmanagements Pankstra\u00dfe galt lange Zeit als gef\u00e4hrlicher Ort und Umschlagplatz f\u00fcr Drogen. Gemeinsam mit \u00f6rtlichen Akteuren und Initiativen haben wir uns um eine Neugestaltung und Belebung des Platzes bem\u00fcht und 2006, finanziert aus dem Programm \u201eSoziale Stadt\u201c, ein B\u00fcrgerbeteiligungsverfahren zur Umgestaltung des Nauener Platzes initiiert.<\/p>\n<p><!--more--><\/p>\n<p><img loading=\"lazy\" decoding=\"async\" class=\" size-full wp-image-398\" src=\"https:\/\/multisite.list-gmbh.de\/list-gmbh\/wp-content\/uploads\/sites\/9\/2015\/01\/68d404608fcc673097bbae546d5b1fcb_w800_h450_cp-69f.JPG\" alt=\"\" width=\"800\" height=\"450\" srcset=\"https:\/\/multisite.list-gmbh.de\/list-gmbh\/wp-content\/uploads\/sites\/9\/2015\/01\/68d404608fcc673097bbae546d5b1fcb_w800_h450_cp-69f.JPG 800w, https:\/\/multisite.list-gmbh.de\/list-gmbh\/wp-content\/uploads\/sites\/9\/2015\/01\/68d404608fcc673097bbae546d5b1fcb_w800_h450_cp-69f-300x169.jpg 300w, https:\/\/multisite.list-gmbh.de\/list-gmbh\/wp-content\/uploads\/sites\/9\/2015\/01\/68d404608fcc673097bbae546d5b1fcb_w800_h450_cp-69f-768x432.jpg 768w\" sizes=\"auto, (max-width: 800px) 100vw, 800px\" \/><\/p>\n<p style=\"text-align: justify\">Zusammen mit dem Bezirk Mitte von Berlin ist es uns gelungen, die zur Verf\u00fcgung stehenden bezirklichen Mittel (400.000 \u20ac) f\u00fcr die Umgestaltung des Platzes durch Mittel aus dem Forschungsprogramm \u201cExperimenteller Wohnungs- und St\u00e4dtebau\u201c des Bundes (930.000 \u20ac) zu erg\u00e4nzen.<\/p>\n<p style=\"text-align: justify\">Durch die Umgestaltung von 2006 bis 2009 konnte der Nauener Platz zu einem innovativ gestalteten Freiraum entwickelt werden, der allen Nutzer_innen und Altersgruppen R\u00e4ume zur Erholung und zum sicheren Aufenthalt bietet und gleichzeitig eine positive Ausstrahlung auf das angrenzende Quartier hat. Bausteine des Umgestaltungskonzeptes waren ein zielgruppenspezifisches Beteiligungsverfahren mit Bewohner_innen und Akteuren aller Altersgruppen, ein Platzmanagement zur Aktivierung und Verstetigung von b\u00fcrgerschaftlichem Engagement, die partizipative Entwicklung von generations\u00fcbergreifenden Raumelementen und Nutzungsangeboten, die Entwicklung aktiver und passiver Klangelemente im Freiraum sowie die partizipative Entwicklung und Umsetzung eines Lichtkonzeptes zur Steigerung des Sicherheitsempfindens und zur Verbesserung der Atmosph\u00e4re auf dem Platz.<\/p>\n<p style=\"text-align: justify\">F\u00fcr die Umsetzung des Projektes \u201eNauener Platz \u2013 Umgestaltung f\u00fcr Jung und Alt\u201c \u00fcbernahmen wir f\u00fcr das Bezirksamt Mitte von Berlin die Projektsteuerung, die aufgrund des innovativen Charakters des Vorhabens besonders komplex war. \u00dcber ein Dutzend verschiedene Beteiligte mussten koordiniert werden.<\/p>\n<p style=\"text-align: justify\">Zu unseren Aufgaben geh\u00f6rte es, den Arbeitsprozess zu strukturieren, Verfahren f\u00fcr den Projektverlauf zu entwickeln und Abstimmungsprozesse zu moderieren und zu dokumentieren. Wir stellten die Nahtstelle zwischen allen Beteiligten dar und vermittelten bei Konflikten. Wir waren f\u00fcr die gesamte Dokumentation der B\u00fcrgerbeteiligung und Themenwerkstatt \u00fcber die Grobplanung f\u00fcr Ausf\u00fchrung und Bauablauf bis hin zum Projektabschluss verantwortlich. Wir unterst\u00fctzen die Projektleitung bei der Einhaltung der Forschungsinhalte und \u00dcberpr\u00fcfung der Projektziele (durch Erstellung regelm\u00e4\u00dfiger Forschungsberichte), den Vergaben, bei Ausf\u00fchrungs\u00e4nderungen und Abnahmen sowie dem Kostenmanagement und der Abrechnung.<\/p>\n","protected":false},"excerpt":{"rendered":"<p>Der Nauener Platz zwischen Reinickendorfer Stra\u00dfe und Schulstra\u00dfe im Gebiet des Quartiersmanagements Pankstra\u00dfe galt lange Zeit als gef\u00e4hrlicher Ort und Umschlagplatz f\u00fcr Drogen. Gemeinsam mit \u00f6rtlichen Akteuren und Initiativen haben&hellip;<\/p>\n","protected":false},"author":60,"featured_media":397,"comment_status":"closed","ping_status":"closed","sticky":false,"template":"","format":"standard","meta":{"_acf_changed":false,"_uag_custom_page_level_css":"","footnotes":""},"categories":[31],"tags":[],"class_list":["post-399","post","type-post","status-publish","format-standard","has-post-thumbnail","hentry","category-projektentwicklung"],"acf":[],"yoast_head":"<!-- This site is optimized with the Yoast SEO plugin v27.4 - https:\/\/yoast.com\/product\/yoast-seo-wordpress\/ -->\n<title>Nauener Platz - Umgestaltung f\u00fcr Jung und Alt - L.I.S.T. GmbH<\/title>\n<meta name=\"robots\" content=\"noindex, follow, max-snippet:-1, max-image-preview:large, max-video-preview:-1\" \/>\n<meta property=\"og:locale\" content=\"de_DE\" \/>\n<meta property=\"og:type\" content=\"article\" \/>\n<meta property=\"og:title\" content=\"Nauener Platz - Umgestaltung f\u00fcr Jung und Alt - L.I.S.T. GmbH\" \/>\n<meta property=\"og:description\" content=\"Der Nauener Platz zwischen Reinickendorfer Stra\u00dfe und Schulstra\u00dfe im Gebiet des Quartiersmanagements Pankstra\u00dfe galt lange Zeit als gef\u00e4hrlicher Ort und Umschlagplatz f\u00fcr Drogen. Gemeinsam mit \u00f6rtlichen Akteuren und Initiativen haben&hellip;\" \/>\n<meta property=\"og:url\" content=\"https:\/\/multisite.list-gmbh.de\/list-gmbh\/399-nauener-platz-umgestaltung-fuer-jung-und-alt\/\" \/>\n<meta property=\"og:site_name\" content=\"L.I.S.T. GmbH\" \/>\n<meta property=\"article:published_time\" content=\"2015-01-26T15:43:42+00:00\" \/>\n<meta property=\"article:modified_time\" content=\"2025-08-31T11:44:22+00:00\" \/>\n<meta property=\"og:image\" content=\"https:\/\/multisite.list-gmbh.de\/list-gmbh\/wp-content\/uploads\/sites\/9\/2015\/01\/1._Nau-c62.jpg\" \/>\n\t<meta property=\"og:image:width\" content=\"800\" \/>\n\t<meta property=\"og:image:height\" content=\"600\" \/>\n\t<meta property=\"og:image:type\" content=\"image\/jpeg\" \/>\n<meta name=\"author\" content=\"LIST Redaktion\" \/>\n<meta name=\"twitter:card\" content=\"summary_large_image\" \/>\n<meta name=\"twitter:label1\" content=\"Verfasst von\" \/>\n\t<meta name=\"twitter:data1\" content=\"LIST Redaktion\" \/>\n\t<meta name=\"twitter:label2\" content=\"Gesch\u00e4tzte Lesezeit\" \/>\n\t<meta name=\"twitter:data2\" content=\"2\u00a0Minuten\" \/>\n<script type=\"application\/ld+json\" class=\"yoast-schema-graph\">{\"@context\":\"https:\\\/\\\/schema.org\",\"@graph\":[{\"@type\":\"Article\",\"@id\":\"https:\\\/\\\/multisite.list-gmbh.de\\\/list-gmbh\\\/399-nauener-platz-umgestaltung-fuer-jung-und-alt\\\/#article\",\"isPartOf\":{\"@id\":\"https:\\\/\\\/multisite.list-gmbh.de\\\/list-gmbh\\\/399-nauener-platz-umgestaltung-fuer-jung-und-alt\\\/\"},\"author\":{\"name\":\"LIST Redaktion\",\"@id\":\"https:\\\/\\\/multisite.list-gmbh.de\\\/list-gmbh\\\/#\\\/schema\\\/person\\\/cafa24abf28de7917b5f9d62cb8aa3dc\"},\"headline\":\"Nauener Platz &#8211; Umgestaltung f\u00fcr Jung und Alt\",\"datePublished\":\"2015-01-26T15:43:42+00:00\",\"dateModified\":\"2025-08-31T11:44:22+00:00\",\"mainEntityOfPage\":{\"@id\":\"https:\\\/\\\/multisite.list-gmbh.de\\\/list-gmbh\\\/399-nauener-platz-umgestaltung-fuer-jung-und-alt\\\/\"},\"wordCount\":352,\"image\":{\"@id\":\"https:\\\/\\\/multisite.list-gmbh.de\\\/list-gmbh\\\/399-nauener-platz-umgestaltung-fuer-jung-und-alt\\\/#primaryimage\"},\"thumbnailUrl\":\"https:\\\/\\\/multisite.list-gmbh.de\\\/list-gmbh\\\/wp-content\\\/uploads\\\/sites\\\/9\\\/2015\\\/01\\\/1._Nau-c62.jpg\",\"articleSection\":[\"Projektentwicklung\"],\"inLanguage\":\"de\"},{\"@type\":\"WebPage\",\"@id\":\"https:\\\/\\\/multisite.list-gmbh.de\\\/list-gmbh\\\/399-nauener-platz-umgestaltung-fuer-jung-und-alt\\\/\",\"url\":\"https:\\\/\\\/multisite.list-gmbh.de\\\/list-gmbh\\\/399-nauener-platz-umgestaltung-fuer-jung-und-alt\\\/\",\"name\":\"Nauener Platz - Umgestaltung f\u00fcr Jung und Alt - L.I.S.T. GmbH\",\"isPartOf\":{\"@id\":\"https:\\\/\\\/multisite.list-gmbh.de\\\/list-gmbh\\\/#website\"},\"primaryImageOfPage\":{\"@id\":\"https:\\\/\\\/multisite.list-gmbh.de\\\/list-gmbh\\\/399-nauener-platz-umgestaltung-fuer-jung-und-alt\\\/#primaryimage\"},\"image\":{\"@id\":\"https:\\\/\\\/multisite.list-gmbh.de\\\/list-gmbh\\\/399-nauener-platz-umgestaltung-fuer-jung-und-alt\\\/#primaryimage\"},\"thumbnailUrl\":\"https:\\\/\\\/multisite.list-gmbh.de\\\/list-gmbh\\\/wp-content\\\/uploads\\\/sites\\\/9\\\/2015\\\/01\\\/1._Nau-c62.jpg\",\"datePublished\":\"2015-01-26T15:43:42+00:00\",\"dateModified\":\"2025-08-31T11:44:22+00:00\",\"author\":{\"@id\":\"https:\\\/\\\/multisite.list-gmbh.de\\\/list-gmbh\\\/#\\\/schema\\\/person\\\/cafa24abf28de7917b5f9d62cb8aa3dc\"},\"breadcrumb\":{\"@id\":\"https:\\\/\\\/multisite.list-gmbh.de\\\/list-gmbh\\\/399-nauener-platz-umgestaltung-fuer-jung-und-alt\\\/#breadcrumb\"},\"inLanguage\":\"de\",\"potentialAction\":[{\"@type\":\"ReadAction\",\"target\":[\"https:\\\/\\\/multisite.list-gmbh.de\\\/list-gmbh\\\/399-nauener-platz-umgestaltung-fuer-jung-und-alt\\\/\"]}]},{\"@type\":\"ImageObject\",\"inLanguage\":\"de\",\"@id\":\"https:\\\/\\\/multisite.list-gmbh.de\\\/list-gmbh\\\/399-nauener-platz-umgestaltung-fuer-jung-und-alt\\\/#primaryimage\",\"url\":\"https:\\\/\\\/multisite.list-gmbh.de\\\/list-gmbh\\\/wp-content\\\/uploads\\\/sites\\\/9\\\/2015\\\/01\\\/1._Nau-c62.jpg\",\"contentUrl\":\"https:\\\/\\\/multisite.list-gmbh.de\\\/list-gmbh\\\/wp-content\\\/uploads\\\/sites\\\/9\\\/2015\\\/01\\\/1._Nau-c62.jpg\",\"width\":800,\"height\":600},{\"@type\":\"BreadcrumbList\",\"@id\":\"https:\\\/\\\/multisite.list-gmbh.de\\\/list-gmbh\\\/399-nauener-platz-umgestaltung-fuer-jung-und-alt\\\/#breadcrumb\",\"itemListElement\":[{\"@type\":\"ListItem\",\"position\":1,\"name\":\"Startseite\",\"item\":\"https:\\\/\\\/multisite.list-gmbh.de\\\/list-gmbh\\\/\"},{\"@type\":\"ListItem\",\"position\":2,\"name\":\"Nauener Platz &#8211; Umgestaltung f\u00fcr Jung und Alt\"}]},{\"@type\":\"WebSite\",\"@id\":\"https:\\\/\\\/multisite.list-gmbh.de\\\/list-gmbh\\\/#website\",\"url\":\"https:\\\/\\\/multisite.list-gmbh.de\\\/list-gmbh\\\/\",\"name\":\"L.I.S.T. GmbH\",\"description\":\"\",\"potentialAction\":[{\"@type\":\"SearchAction\",\"target\":{\"@type\":\"EntryPoint\",\"urlTemplate\":\"https:\\\/\\\/multisite.list-gmbh.de\\\/list-gmbh\\\/?s={search_term_string}\"},\"query-input\":{\"@type\":\"PropertyValueSpecification\",\"valueRequired\":true,\"valueName\":\"search_term_string\"}}],\"inLanguage\":\"de\"},{\"@type\":\"Person\",\"@id\":\"https:\\\/\\\/multisite.list-gmbh.de\\\/list-gmbh\\\/#\\\/schema\\\/person\\\/cafa24abf28de7917b5f9d62cb8aa3dc\",\"name\":\"LIST Redaktion\",\"url\":\"https:\\\/\\\/multisite.list-gmbh.de\\\/list-gmbh\\\/author\\\/redaktion\\\/\"}]}<\/script>\n<!-- \/ Yoast SEO plugin. -->","yoast_head_json":{"title":"Nauener Platz - Umgestaltung f\u00fcr Jung und Alt - L.I.S.T. GmbH","robots":{"index":"noindex","follow":"follow","max-snippet":"max-snippet:-1","max-image-preview":"max-image-preview:large","max-video-preview":"max-video-preview:-1"},"og_locale":"de_DE","og_type":"article","og_title":"Nauener Platz - Umgestaltung f\u00fcr Jung und Alt - L.I.S.T. GmbH","og_description":"Der Nauener Platz zwischen Reinickendorfer Stra\u00dfe und Schulstra\u00dfe im Gebiet des Quartiersmanagements Pankstra\u00dfe galt lange Zeit als gef\u00e4hrlicher Ort und Umschlagplatz f\u00fcr Drogen. Gemeinsam mit \u00f6rtlichen Akteuren und Initiativen haben&hellip;","og_url":"https:\/\/multisite.list-gmbh.de\/list-gmbh\/399-nauener-platz-umgestaltung-fuer-jung-und-alt\/","og_site_name":"L.I.S.T. GmbH","article_published_time":"2015-01-26T15:43:42+00:00","article_modified_time":"2025-08-31T11:44:22+00:00","og_image":[{"width":800,"height":600,"url":"https:\/\/multisite.list-gmbh.de\/list-gmbh\/wp-content\/uploads\/sites\/9\/2015\/01\/1._Nau-c62.jpg","type":"image\/jpeg"}],"author":"LIST Redaktion","twitter_card":"summary_large_image","twitter_misc":{"Verfasst von":"LIST Redaktion","Gesch\u00e4tzte Lesezeit":"2\u00a0Minuten"},"schema":{"@context":"https:\/\/schema.org","@graph":[{"@type":"Article","@id":"https:\/\/multisite.list-gmbh.de\/list-gmbh\/399-nauener-platz-umgestaltung-fuer-jung-und-alt\/#article","isPartOf":{"@id":"https:\/\/multisite.list-gmbh.de\/list-gmbh\/399-nauener-platz-umgestaltung-fuer-jung-und-alt\/"},"author":{"name":"LIST Redaktion","@id":"https:\/\/multisite.list-gmbh.de\/list-gmbh\/#\/schema\/person\/cafa24abf28de7917b5f9d62cb8aa3dc"},"headline":"Nauener Platz &#8211; Umgestaltung f\u00fcr Jung und Alt","datePublished":"2015-01-26T15:43:42+00:00","dateModified":"2025-08-31T11:44:22+00:00","mainEntityOfPage":{"@id":"https:\/\/multisite.list-gmbh.de\/list-gmbh\/399-nauener-platz-umgestaltung-fuer-jung-und-alt\/"},"wordCount":352,"image":{"@id":"https:\/\/multisite.list-gmbh.de\/list-gmbh\/399-nauener-platz-umgestaltung-fuer-jung-und-alt\/#primaryimage"},"thumbnailUrl":"https:\/\/multisite.list-gmbh.de\/list-gmbh\/wp-content\/uploads\/sites\/9\/2015\/01\/1._Nau-c62.jpg","articleSection":["Projektentwicklung"],"inLanguage":"de"},{"@type":"WebPage","@id":"https:\/\/multisite.list-gmbh.de\/list-gmbh\/399-nauener-platz-umgestaltung-fuer-jung-und-alt\/","url":"https:\/\/multisite.list-gmbh.de\/list-gmbh\/399-nauener-platz-umgestaltung-fuer-jung-und-alt\/","name":"Nauener Platz - Umgestaltung f\u00fcr Jung und Alt - L.I.S.T. GmbH","isPartOf":{"@id":"https:\/\/multisite.list-gmbh.de\/list-gmbh\/#website"},"primaryImageOfPage":{"@id":"https:\/\/multisite.list-gmbh.de\/list-gmbh\/399-nauener-platz-umgestaltung-fuer-jung-und-alt\/#primaryimage"},"image":{"@id":"https:\/\/multisite.list-gmbh.de\/list-gmbh\/399-nauener-platz-umgestaltung-fuer-jung-und-alt\/#primaryimage"},"thumbnailUrl":"https:\/\/multisite.list-gmbh.de\/list-gmbh\/wp-content\/uploads\/sites\/9\/2015\/01\/1._Nau-c62.jpg","datePublished":"2015-01-26T15:43:42+00:00","dateModified":"2025-08-31T11:44:22+00:00","author":{"@id":"https:\/\/multisite.list-gmbh.de\/list-gmbh\/#\/schema\/person\/cafa24abf28de7917b5f9d62cb8aa3dc"},"breadcrumb":{"@id":"https:\/\/multisite.list-gmbh.de\/list-gmbh\/399-nauener-platz-umgestaltung-fuer-jung-und-alt\/#breadcrumb"},"inLanguage":"de","potentialAction":[{"@type":"ReadAction","target":["https:\/\/multisite.list-gmbh.de\/list-gmbh\/399-nauener-platz-umgestaltung-fuer-jung-und-alt\/"]}]},{"@type":"ImageObject","inLanguage":"de","@id":"https:\/\/multisite.list-gmbh.de\/list-gmbh\/399-nauener-platz-umgestaltung-fuer-jung-und-alt\/#primaryimage","url":"https:\/\/multisite.list-gmbh.de\/list-gmbh\/wp-content\/uploads\/sites\/9\/2015\/01\/1._Nau-c62.jpg","contentUrl":"https:\/\/multisite.list-gmbh.de\/list-gmbh\/wp-content\/uploads\/sites\/9\/2015\/01\/1._Nau-c62.jpg","width":800,"height":600},{"@type":"BreadcrumbList","@id":"https:\/\/multisite.list-gmbh.de\/list-gmbh\/399-nauener-platz-umgestaltung-fuer-jung-und-alt\/#breadcrumb","itemListElement":[{"@type":"ListItem","position":1,"name":"Startseite","item":"https:\/\/multisite.list-gmbh.de\/list-gmbh\/"},{"@type":"ListItem","position":2,"name":"Nauener Platz &#8211; Umgestaltung f\u00fcr Jung und Alt"}]},{"@type":"WebSite","@id":"https:\/\/multisite.list-gmbh.de\/list-gmbh\/#website","url":"https:\/\/multisite.list-gmbh.de\/list-gmbh\/","name":"L.I.S.T. GmbH","description":"","potentialAction":[{"@type":"SearchAction","target":{"@type":"EntryPoint","urlTemplate":"https:\/\/multisite.list-gmbh.de\/list-gmbh\/?s={search_term_string}"},"query-input":{"@type":"PropertyValueSpecification","valueRequired":true,"valueName":"search_term_string"}}],"inLanguage":"de"},{"@type":"Person","@id":"https:\/\/multisite.list-gmbh.de\/list-gmbh\/#\/schema\/person\/cafa24abf28de7917b5f9d62cb8aa3dc","name":"LIST Redaktion","url":"https:\/\/multisite.list-gmbh.de\/list-gmbh\/author\/redaktion\/"}]}},"spectra_custom_meta":{"_thumbnail_id":["397"],"_fgj2wp_old_id":["191"],"_edit_last":["64"],"_wp_page_template":["default"],"_edit_lock":["1756640662:64"],"_uag_css_file_name":["uag-css-399.css"],"_uag_page_assets":["a:9:{s:3:\"css\";s:263:\".uag-blocks-common-selector{z-index:var(--z-index-desktop) !important}@media (max-width: 976px){.uag-blocks-common-selector{z-index:var(--z-index-tablet) !important}}@media (max-width: 767px){.uag-blocks-common-selector{z-index:var(--z-index-mobile) !important}}\n\";s:2:\"js\";s:0:\"\";s:18:\"current_block_list\";a:7:{i:0;s:11:\"core\/search\";i:1;s:10:\"core\/group\";i:2;s:12:\"core\/heading\";i:3;s:17:\"core\/latest-posts\";i:4;s:20:\"core\/latest-comments\";i:5;s:13:\"core\/archives\";i:6;s:15:\"core\/categories\";}s:8:\"uag_flag\";b:0;s:11:\"uag_version\";s:10:\"1777471812\";s:6:\"gfonts\";a:0:{}s:10:\"gfonts_url\";s:0:\"\";s:12:\"gfonts_files\";a:0:{}s:14:\"uag_faq_layout\";b:0;}"]},"uagb_featured_image_src":{"full":["https:\/\/multisite.list-gmbh.de\/list-gmbh\/wp-content\/uploads\/sites\/9\/2015\/01\/1._Nau-c62.jpg",800,600,false],"thumbnail":["https:\/\/multisite.list-gmbh.de\/list-gmbh\/wp-content\/uploads\/sites\/9\/2015\/01\/1._Nau-c62-150x150.jpg",150,150,true],"medium":["https:\/\/multisite.list-gmbh.de\/list-gmbh\/wp-content\/uploads\/sites\/9\/2015\/01\/1._Nau-c62-300x225.jpg",300,225,true],"medium_large":["https:\/\/multisite.list-gmbh.de\/list-gmbh\/wp-content\/uploads\/sites\/9\/2015\/01\/1._Nau-c62-768x576.jpg",768,576,true],"large":["https:\/\/multisite.list-gmbh.de\/list-gmbh\/wp-content\/uploads\/sites\/9\/2015\/01\/1._Nau-c62.jpg",800,600,false],"1536x1536":["https:\/\/multisite.list-gmbh.de\/list-gmbh\/wp-content\/uploads\/sites\/9\/2015\/01\/1._Nau-c62.jpg",800,600,false],"2048x2048":["https:\/\/multisite.list-gmbh.de\/list-gmbh\/wp-content\/uploads\/sites\/9\/2015\/01\/1._Nau-c62.jpg",800,600,false],"gform-image-choice-sm":["https:\/\/multisite.list-gmbh.de\/list-gmbh\/wp-content\/uploads\/sites\/9\/2015\/01\/1._Nau-c62.jpg",300,225,false],"gform-image-choice-md":["https:\/\/multisite.list-gmbh.de\/list-gmbh\/wp-content\/uploads\/sites\/9\/2015\/01\/1._Nau-c62.jpg",400,300,false],"gform-image-choice-lg":["https:\/\/multisite.list-gmbh.de\/list-gmbh\/wp-content\/uploads\/sites\/9\/2015\/01\/1._Nau-c62.jpg",600,450,false]},"uagb_author_info":{"display_name":"LIST Redaktion","author_link":"https:\/\/multisite.list-gmbh.de\/list-gmbh\/author\/redaktion\/"},"uagb_comment_info":0,"uagb_excerpt":"Der Nauener Platz zwischen Reinickendorfer Stra\u00dfe und Schulstra\u00dfe im Gebiet des Quartiersmanagements Pankstra\u00dfe galt lange Zeit als gef\u00e4hrlicher Ort und Umschlagplatz f\u00fcr Drogen. Gemeinsam mit \u00f6rtlichen Akteuren und Initiativen haben&hellip;","_links":{"self":[{"href":"https:\/\/multisite.list-gmbh.de\/list-gmbh\/wp-json\/wp\/v2\/posts\/399","targetHints":{"allow":["GET"]}}],"collection":[{"href":"https:\/\/multisite.list-gmbh.de\/list-gmbh\/wp-json\/wp\/v2\/posts"}],"about":[{"href":"https:\/\/multisite.list-gmbh.de\/list-gmbh\/wp-json\/wp\/v2\/types\/post"}],"author":[{"embeddable":true,"href":"https:\/\/multisite.list-gmbh.de\/list-gmbh\/wp-json\/wp\/v2\/users\/60"}],"replies":[{"embeddable":true,"href":"https:\/\/multisite.list-gmbh.de\/list-gmbh\/wp-json\/wp\/v2\/comments?post=399"}],"version-history":[{"count":1,"href":"https:\/\/multisite.list-gmbh.de\/list-gmbh\/wp-json\/wp\/v2\/posts\/399\/revisions"}],"predecessor-version":[{"id":3399,"href":"https:\/\/multisite.list-gmbh.de\/list-gmbh\/wp-json\/wp\/v2\/posts\/399\/revisions\/3399"}],"wp:featuredmedia":[{"embeddable":true,"href":"https:\/\/multisite.list-gmbh.de\/list-gmbh\/wp-json\/wp\/v2\/media\/397"}],"wp:attachment":[{"href":"https:\/\/multisite.list-gmbh.de\/list-gmbh\/wp-json\/wp\/v2\/media?parent=399"}],"wp:term":[{"taxonomy":"category","embeddable":true,"href":"https:\/\/multisite.list-gmbh.de\/list-gmbh\/wp-json\/wp\/v2\/categories?post=399"},{"taxonomy":"post_tag","embeddable":true,"href":"https:\/\/multisite.list-gmbh.de\/list-gmbh\/wp-json\/wp\/v2\/tags?post=399"}],"curies":[{"name":"wp","href":"https:\/\/api.w.org\/{rel}","templated":true}]}}