{"id":3439,"date":"2025-09-08T12:23:32","date_gmt":"2025-09-08T10:23:32","guid":{"rendered":"https:\/\/multisite.list-gmbh.de\/list-gmbh\/?p=3439"},"modified":"2025-09-08T13:59:09","modified_gmt":"2025-09-08T11:59:09","slug":"foerdermittelakquise-energetische-sanierung-fabrik-osloer-strasse","status":"publish","type":"post","link":"https:\/\/multisite.list-gmbh.de\/list-gmbh\/3439-foerdermittelakquise-energetische-sanierung-fabrik-osloer-strasse\/","title":{"rendered":"F\u00f6rdermittelakquise | Energetische Sanierung Fabrik Osloer Stra\u00dfe"},"content":{"rendered":"\n<p>Die L.I.S.T. unterst\u00fctzte die Fabrik Osloer Stra\u00dfe bei der Akquise von F\u00f6rdermitteln f\u00fcr Ma\u00dfnahmen zur energetischen Geb\u00e4udesanierung. Ziele waren Steigerung der Klimaresilienz, Einsparung von Heizkosten sowie Reduzierung von CO2-Emissionen.<\/p>\n\n\n\n<figure class=\"wp-block-image size-large\"><img loading=\"lazy\" decoding=\"async\" width=\"1024\" height=\"768\" src=\"https:\/\/multisite.list-gmbh.de\/list-gmbh\/wp-content\/uploads\/sites\/9\/2025\/09\/230816_fabos_list_102608-1024x768.jpg\" alt=\"\" class=\"wp-image-3443\" srcset=\"https:\/\/multisite.list-gmbh.de\/list-gmbh\/wp-content\/uploads\/sites\/9\/2025\/09\/230816_fabos_list_102608-1024x768.jpg 1024w, https:\/\/multisite.list-gmbh.de\/list-gmbh\/wp-content\/uploads\/sites\/9\/2025\/09\/230816_fabos_list_102608-300x225.jpg 300w, https:\/\/multisite.list-gmbh.de\/list-gmbh\/wp-content\/uploads\/sites\/9\/2025\/09\/230816_fabos_list_102608-768x576.jpg 768w, https:\/\/multisite.list-gmbh.de\/list-gmbh\/wp-content\/uploads\/sites\/9\/2025\/09\/230816_fabos_list_102608-1536x1152.jpg 1536w, https:\/\/multisite.list-gmbh.de\/list-gmbh\/wp-content\/uploads\/sites\/9\/2025\/09\/230816_fabos_list_102608-2048x1536.jpg 2048w\" sizes=\"auto, (max-width: 1024px) 100vw, 1024px\" \/><\/figure>\n\n\n\n<p>Die Fabrik Osloer Stra\u00dfe beherbergt unter ihrem Dach soziale und kulturellen Projekte sowie engagierte Gewerbebetriebe und besitzt einen hohen Stellenwert im Umfeld. Der vor rund 40 Jahren vor dem Abriss gerettete Geb\u00e4udekomplex leistet seitdem in seiner Nutzung durch verschiedene gemeinn\u00fctzige Gruppen, Institutionen und Unternehmen einen wesentlichen Beitrag zur St\u00e4rkung der Nachbarschaft. Tr\u00e4ger ist der gemeinn\u00fctzige Verein Fabrik Osloer Stra\u00dfe e.V.<\/p>\n\n\n\n<figure class=\"wp-block-gallery has-nested-images columns-default is-cropped wp-block-gallery-1 is-layout-flex wp-block-gallery-is-layout-flex\">\n<figure class=\"wp-block-image size-large\"><img loading=\"lazy\" decoding=\"async\" width=\"1024\" height=\"768\" data-id=\"3451\" src=\"https:\/\/multisite.list-gmbh.de\/list-gmbh\/wp-content\/uploads\/sites\/9\/2025\/09\/230208_fabos_list_121814955-1-1024x768.jpg\" alt=\"\" class=\"wp-image-3451\" srcset=\"https:\/\/multisite.list-gmbh.de\/list-gmbh\/wp-content\/uploads\/sites\/9\/2025\/09\/230208_fabos_list_121814955-1-1024x768.jpg 1024w, https:\/\/multisite.list-gmbh.de\/list-gmbh\/wp-content\/uploads\/sites\/9\/2025\/09\/230208_fabos_list_121814955-1-300x225.jpg 300w, https:\/\/multisite.list-gmbh.de\/list-gmbh\/wp-content\/uploads\/sites\/9\/2025\/09\/230208_fabos_list_121814955-1-768x576.jpg 768w, https:\/\/multisite.list-gmbh.de\/list-gmbh\/wp-content\/uploads\/sites\/9\/2025\/09\/230208_fabos_list_121814955-1-1536x1152.jpg 1536w, https:\/\/multisite.list-gmbh.de\/list-gmbh\/wp-content\/uploads\/sites\/9\/2025\/09\/230208_fabos_list_121814955-1-2048x1536.jpg 2048w\" sizes=\"auto, (max-width: 1024px) 100vw, 1024px\" \/><\/figure>\n\n\n\n<figure class=\"wp-block-image size-large\"><img loading=\"lazy\" decoding=\"async\" width=\"1024\" height=\"768\" data-id=\"3449\" src=\"https:\/\/multisite.list-gmbh.de\/list-gmbh\/wp-content\/uploads\/sites\/9\/2025\/09\/230816_fabos_list_115741-1-1024x768.jpg\" alt=\"\" class=\"wp-image-3449\" srcset=\"https:\/\/multisite.list-gmbh.de\/list-gmbh\/wp-content\/uploads\/sites\/9\/2025\/09\/230816_fabos_list_115741-1-1024x768.jpg 1024w, https:\/\/multisite.list-gmbh.de\/list-gmbh\/wp-content\/uploads\/sites\/9\/2025\/09\/230816_fabos_list_115741-1-300x225.jpg 300w, https:\/\/multisite.list-gmbh.de\/list-gmbh\/wp-content\/uploads\/sites\/9\/2025\/09\/230816_fabos_list_115741-1-768x576.jpg 768w, https:\/\/multisite.list-gmbh.de\/list-gmbh\/wp-content\/uploads\/sites\/9\/2025\/09\/230816_fabos_list_115741-1-1536x1152.jpg 1536w, https:\/\/multisite.list-gmbh.de\/list-gmbh\/wp-content\/uploads\/sites\/9\/2025\/09\/230816_fabos_list_115741-1-2048x1536.jpg 2048w\" sizes=\"auto, (max-width: 1024px) 100vw, 1024px\" \/><\/figure>\n<\/figure>\n\n\n\n<p>Die L.I.S.T. akquirierte F\u00f6rdermittel f\u00fcr eine energetische Sanierung in Form von Einzelma\u00dfnahmen zur Verbesserung der H\u00fclle und der W\u00e4rmeversorgung. Ziele der energetischen Sanierung waren: Verbesserungsma\u00dfnahmen f\u00fcr die zuk\u00fcnftige Arbeit der Nutzer*innen, langfristige Erhaltung und Weiterentwicklung der Geb\u00e4ude, Sicherung bezahlbarer Nutzungsentgelte und Nebenkosten. Vor allem sollten durch Verbesserung von W\u00e4rmeschutz und Energieversorgung Energie(kosten) eingespart werden. Neben Belangen der Arbeitssicherheit ging es um die Verbesserung der Arbeitsumst\u00e4nde, um die gemeinn\u00fctzige Arbeit am Standort Fabrik Osloer Stra\u00dfe langfristig aufrecht erhalten zu k\u00f6nnen. Zudem war mit der angestrebten Einsparung von CO2-Emissionen ein klimapolitischer Beitrag geplant.<\/p>\n\n\n\n<p>Zur Finanzierung des Vorhabens wurden F\u00f6rdermittel in H\u00f6he von gut 1,2 Mio. Euro aus dem Programm Sozialer Zusammenhalt \u2013 Baufonds akquiriert. Die L.I.S.T. \u00fcbernahm die F\u00f6rdermittelrecherche und unterst\u00fctzte die Fabrik Osloer Stra\u00dfe bei der Antragstellung. Der Zuwendungsbescheid wurde 2024 erteilt.<\/p>\n\n\n\n<figure class=\"wp-block-gallery has-nested-images columns-default is-cropped wp-block-gallery-2 is-layout-flex wp-block-gallery-is-layout-flex\">\n<figure class=\"wp-block-image size-large\"><img loading=\"lazy\" decoding=\"async\" width=\"1024\" height=\"768\" data-id=\"3450\" src=\"https:\/\/multisite.list-gmbh.de\/list-gmbh\/wp-content\/uploads\/sites\/9\/2025\/09\/230208_fabos_list_110705-1-1024x768.jpg\" alt=\"\" class=\"wp-image-3450\" srcset=\"https:\/\/multisite.list-gmbh.de\/list-gmbh\/wp-content\/uploads\/sites\/9\/2025\/09\/230208_fabos_list_110705-1-1024x768.jpg 1024w, https:\/\/multisite.list-gmbh.de\/list-gmbh\/wp-content\/uploads\/sites\/9\/2025\/09\/230208_fabos_list_110705-1-300x225.jpg 300w, https:\/\/multisite.list-gmbh.de\/list-gmbh\/wp-content\/uploads\/sites\/9\/2025\/09\/230208_fabos_list_110705-1-768x576.jpg 768w, https:\/\/multisite.list-gmbh.de\/list-gmbh\/wp-content\/uploads\/sites\/9\/2025\/09\/230208_fabos_list_110705-1-1536x1152.jpg 1536w, https:\/\/multisite.list-gmbh.de\/list-gmbh\/wp-content\/uploads\/sites\/9\/2025\/09\/230208_fabos_list_110705-1-2048x1536.jpg 2048w\" sizes=\"auto, (max-width: 1024px) 100vw, 1024px\" \/><\/figure>\n\n\n\n<figure class=\"wp-block-image size-large\"><img loading=\"lazy\" decoding=\"async\" width=\"1024\" height=\"768\" data-id=\"3452\" src=\"https:\/\/multisite.list-gmbh.de\/list-gmbh\/wp-content\/uploads\/sites\/9\/2025\/09\/230208_fabos_list_104946423-1024x768.jpg\" alt=\"\" class=\"wp-image-3452\" srcset=\"https:\/\/multisite.list-gmbh.de\/list-gmbh\/wp-content\/uploads\/sites\/9\/2025\/09\/230208_fabos_list_104946423-1024x768.jpg 1024w, https:\/\/multisite.list-gmbh.de\/list-gmbh\/wp-content\/uploads\/sites\/9\/2025\/09\/230208_fabos_list_104946423-300x225.jpg 300w, https:\/\/multisite.list-gmbh.de\/list-gmbh\/wp-content\/uploads\/sites\/9\/2025\/09\/230208_fabos_list_104946423-768x576.jpg 768w, https:\/\/multisite.list-gmbh.de\/list-gmbh\/wp-content\/uploads\/sites\/9\/2025\/09\/230208_fabos_list_104946423-1536x1152.jpg 1536w, https:\/\/multisite.list-gmbh.de\/list-gmbh\/wp-content\/uploads\/sites\/9\/2025\/09\/230208_fabos_list_104946423-2048x1536.jpg 2048w\" sizes=\"auto, (max-width: 1024px) 100vw, 1024px\" \/><\/figure>\n<\/figure>\n","protected":false},"excerpt":{"rendered":"<p>Die L.I.S.T. unterst\u00fctzte die Fabrik Osloer Stra\u00dfe bei der Akquise von F\u00f6rdermitteln f\u00fcr Ma\u00dfnahmen zur energetischen Geb\u00e4udesanierung. Ziele waren Steigerung der Klimaresilienz, Einsparung von Heizkosten sowie Reduzierung von CO2-Emissionen. Die&hellip;<\/p>\n","protected":false},"author":35,"featured_media":3443,"comment_status":"closed","ping_status":"closed","sticky":false,"template":"","format":"standard","meta":{"_acf_changed":false,"_uag_custom_page_level_css":"","footnotes":""},"categories":[31,11],"tags":[],"class_list":["post-3439","post","type-post","status-publish","format-standard","has-post-thumbnail","hentry","category-projektentwicklung","category-projektsteuerung"],"acf":[],"yoast_head":"<!-- This site is optimized with the Yoast SEO plugin v27.4 - https:\/\/yoast.com\/product\/yoast-seo-wordpress\/ -->\n<title>F\u00f6rdermittelakquise | Energetische Sanierung Fabrik Osloer Stra\u00dfe - L.I.S.T. GmbH<\/title>\n<meta name=\"robots\" content=\"noindex, follow, max-snippet:-1, max-image-preview:large, max-video-preview:-1\" \/>\n<meta property=\"og:locale\" content=\"de_DE\" \/>\n<meta property=\"og:type\" content=\"article\" \/>\n<meta property=\"og:title\" content=\"F\u00f6rdermittelakquise | Energetische Sanierung Fabrik Osloer Stra\u00dfe - L.I.S.T. GmbH\" \/>\n<meta property=\"og:description\" content=\"Die L.I.S.T. unterst\u00fctzte die Fabrik Osloer Stra\u00dfe bei der Akquise von F\u00f6rdermitteln f\u00fcr Ma\u00dfnahmen zur energetischen Geb\u00e4udesanierung. Ziele waren Steigerung der Klimaresilienz, Einsparung von Heizkosten sowie Reduzierung von CO2-Emissionen. Die&hellip;\" \/>\n<meta property=\"og:url\" content=\"https:\/\/multisite.list-gmbh.de\/list-gmbh\/3439-foerdermittelakquise-energetische-sanierung-fabrik-osloer-strasse\/\" \/>\n<meta property=\"og:site_name\" content=\"L.I.S.T. GmbH\" \/>\n<meta property=\"article:published_time\" content=\"2025-09-08T10:23:32+00:00\" \/>\n<meta property=\"article:modified_time\" content=\"2025-09-08T11:59:09+00:00\" \/>\n<meta property=\"og:image\" content=\"https:\/\/multisite.list-gmbh.de\/list-gmbh\/wp-content\/uploads\/sites\/9\/2025\/09\/230816_fabos_list_102608-scaled.jpg\" \/>\n\t<meta property=\"og:image:width\" content=\"2560\" \/>\n\t<meta property=\"og:image:height\" content=\"1920\" \/>\n\t<meta property=\"og:image:type\" content=\"image\/jpeg\" \/>\n<meta name=\"author\" content=\"mwilhelm\" \/>\n<meta name=\"twitter:card\" content=\"summary_large_image\" \/>\n<meta name=\"twitter:label1\" content=\"Verfasst von\" \/>\n\t<meta name=\"twitter:data1\" content=\"mwilhelm\" \/>\n\t<meta name=\"twitter:label2\" content=\"Gesch\u00e4tzte Lesezeit\" \/>\n\t<meta name=\"twitter:data2\" content=\"3\u00a0Minuten\" \/>\n<script type=\"application\/ld+json\" class=\"yoast-schema-graph\">{\"@context\":\"https:\\\/\\\/schema.org\",\"@graph\":[{\"@type\":\"Article\",\"@id\":\"https:\\\/\\\/multisite.list-gmbh.de\\\/list-gmbh\\\/3439-foerdermittelakquise-energetische-sanierung-fabrik-osloer-strasse\\\/#article\",\"isPartOf\":{\"@id\":\"https:\\\/\\\/multisite.list-gmbh.de\\\/list-gmbh\\\/3439-foerdermittelakquise-energetische-sanierung-fabrik-osloer-strasse\\\/\"},\"author\":{\"name\":\"mwilhelm\",\"@id\":\"https:\\\/\\\/multisite.list-gmbh.de\\\/list-gmbh\\\/#\\\/schema\\\/person\\\/66ee3488c972438b8be35e8e69912e7b\"},\"headline\":\"F\u00f6rdermittelakquise | Energetische Sanierung Fabrik Osloer Stra\u00dfe\",\"datePublished\":\"2025-09-08T10:23:32+00:00\",\"dateModified\":\"2025-09-08T11:59:09+00:00\",\"mainEntityOfPage\":{\"@id\":\"https:\\\/\\\/multisite.list-gmbh.de\\\/list-gmbh\\\/3439-foerdermittelakquise-energetische-sanierung-fabrik-osloer-strasse\\\/\"},\"wordCount\":270,\"image\":{\"@id\":\"https:\\\/\\\/multisite.list-gmbh.de\\\/list-gmbh\\\/3439-foerdermittelakquise-energetische-sanierung-fabrik-osloer-strasse\\\/#primaryimage\"},\"thumbnailUrl\":\"https:\\\/\\\/multisite.list-gmbh.de\\\/list-gmbh\\\/wp-content\\\/uploads\\\/sites\\\/9\\\/2025\\\/09\\\/230816_fabos_list_102608-scaled.jpg\",\"articleSection\":[\"Projektentwicklung\",\"Projektsteuerung\"],\"inLanguage\":\"de\"},{\"@type\":\"WebPage\",\"@id\":\"https:\\\/\\\/multisite.list-gmbh.de\\\/list-gmbh\\\/3439-foerdermittelakquise-energetische-sanierung-fabrik-osloer-strasse\\\/\",\"url\":\"https:\\\/\\\/multisite.list-gmbh.de\\\/list-gmbh\\\/3439-foerdermittelakquise-energetische-sanierung-fabrik-osloer-strasse\\\/\",\"name\":\"F\u00f6rdermittelakquise | Energetische Sanierung Fabrik Osloer Stra\u00dfe - L.I.S.T. GmbH\",\"isPartOf\":{\"@id\":\"https:\\\/\\\/multisite.list-gmbh.de\\\/list-gmbh\\\/#website\"},\"primaryImageOfPage\":{\"@id\":\"https:\\\/\\\/multisite.list-gmbh.de\\\/list-gmbh\\\/3439-foerdermittelakquise-energetische-sanierung-fabrik-osloer-strasse\\\/#primaryimage\"},\"image\":{\"@id\":\"https:\\\/\\\/multisite.list-gmbh.de\\\/list-gmbh\\\/3439-foerdermittelakquise-energetische-sanierung-fabrik-osloer-strasse\\\/#primaryimage\"},\"thumbnailUrl\":\"https:\\\/\\\/multisite.list-gmbh.de\\\/list-gmbh\\\/wp-content\\\/uploads\\\/sites\\\/9\\\/2025\\\/09\\\/230816_fabos_list_102608-scaled.jpg\",\"datePublished\":\"2025-09-08T10:23:32+00:00\",\"dateModified\":\"2025-09-08T11:59:09+00:00\",\"author\":{\"@id\":\"https:\\\/\\\/multisite.list-gmbh.de\\\/list-gmbh\\\/#\\\/schema\\\/person\\\/66ee3488c972438b8be35e8e69912e7b\"},\"breadcrumb\":{\"@id\":\"https:\\\/\\\/multisite.list-gmbh.de\\\/list-gmbh\\\/3439-foerdermittelakquise-energetische-sanierung-fabrik-osloer-strasse\\\/#breadcrumb\"},\"inLanguage\":\"de\",\"potentialAction\":[{\"@type\":\"ReadAction\",\"target\":[\"https:\\\/\\\/multisite.list-gmbh.de\\\/list-gmbh\\\/3439-foerdermittelakquise-energetische-sanierung-fabrik-osloer-strasse\\\/\"]}]},{\"@type\":\"ImageObject\",\"inLanguage\":\"de\",\"@id\":\"https:\\\/\\\/multisite.list-gmbh.de\\\/list-gmbh\\\/3439-foerdermittelakquise-energetische-sanierung-fabrik-osloer-strasse\\\/#primaryimage\",\"url\":\"https:\\\/\\\/multisite.list-gmbh.de\\\/list-gmbh\\\/wp-content\\\/uploads\\\/sites\\\/9\\\/2025\\\/09\\\/230816_fabos_list_102608-scaled.jpg\",\"contentUrl\":\"https:\\\/\\\/multisite.list-gmbh.de\\\/list-gmbh\\\/wp-content\\\/uploads\\\/sites\\\/9\\\/2025\\\/09\\\/230816_fabos_list_102608-scaled.jpg\",\"width\":2560,\"height\":1920},{\"@type\":\"BreadcrumbList\",\"@id\":\"https:\\\/\\\/multisite.list-gmbh.de\\\/list-gmbh\\\/3439-foerdermittelakquise-energetische-sanierung-fabrik-osloer-strasse\\\/#breadcrumb\",\"itemListElement\":[{\"@type\":\"ListItem\",\"position\":1,\"name\":\"Startseite\",\"item\":\"https:\\\/\\\/multisite.list-gmbh.de\\\/list-gmbh\\\/\"},{\"@type\":\"ListItem\",\"position\":2,\"name\":\"F\u00f6rdermittelakquise | Energetische Sanierung Fabrik Osloer Stra\u00dfe\"}]},{\"@type\":\"WebSite\",\"@id\":\"https:\\\/\\\/multisite.list-gmbh.de\\\/list-gmbh\\\/#website\",\"url\":\"https:\\\/\\\/multisite.list-gmbh.de\\\/list-gmbh\\\/\",\"name\":\"L.I.S.T. GmbH\",\"description\":\"\",\"potentialAction\":[{\"@type\":\"SearchAction\",\"target\":{\"@type\":\"EntryPoint\",\"urlTemplate\":\"https:\\\/\\\/multisite.list-gmbh.de\\\/list-gmbh\\\/?s={search_term_string}\"},\"query-input\":{\"@type\":\"PropertyValueSpecification\",\"valueRequired\":true,\"valueName\":\"search_term_string\"}}],\"inLanguage\":\"de\"},{\"@type\":\"Person\",\"@id\":\"https:\\\/\\\/multisite.list-gmbh.de\\\/list-gmbh\\\/#\\\/schema\\\/person\\\/66ee3488c972438b8be35e8e69912e7b\",\"name\":\"mwilhelm\",\"url\":\"https:\\\/\\\/multisite.list-gmbh.de\\\/list-gmbh\\\/author\\\/mwilhelm\\\/\"}]}<\/script>\n<!-- \/ Yoast SEO plugin. -->","yoast_head_json":{"title":"F\u00f6rdermittelakquise | Energetische Sanierung Fabrik Osloer Stra\u00dfe - L.I.S.T. GmbH","robots":{"index":"noindex","follow":"follow","max-snippet":"max-snippet:-1","max-image-preview":"max-image-preview:large","max-video-preview":"max-video-preview:-1"},"og_locale":"de_DE","og_type":"article","og_title":"F\u00f6rdermittelakquise | Energetische Sanierung Fabrik Osloer Stra\u00dfe - L.I.S.T. GmbH","og_description":"Die L.I.S.T. unterst\u00fctzte die Fabrik Osloer Stra\u00dfe bei der Akquise von F\u00f6rdermitteln f\u00fcr Ma\u00dfnahmen zur energetischen Geb\u00e4udesanierung. Ziele waren Steigerung der Klimaresilienz, Einsparung von Heizkosten sowie Reduzierung von CO2-Emissionen. Die&hellip;","og_url":"https:\/\/multisite.list-gmbh.de\/list-gmbh\/3439-foerdermittelakquise-energetische-sanierung-fabrik-osloer-strasse\/","og_site_name":"L.I.S.T. GmbH","article_published_time":"2025-09-08T10:23:32+00:00","article_modified_time":"2025-09-08T11:59:09+00:00","og_image":[{"width":2560,"height":1920,"url":"https:\/\/multisite.list-gmbh.de\/list-gmbh\/wp-content\/uploads\/sites\/9\/2025\/09\/230816_fabos_list_102608-scaled.jpg","type":"image\/jpeg"}],"author":"mwilhelm","twitter_card":"summary_large_image","twitter_misc":{"Verfasst von":"mwilhelm","Gesch\u00e4tzte Lesezeit":"3\u00a0Minuten"},"schema":{"@context":"https:\/\/schema.org","@graph":[{"@type":"Article","@id":"https:\/\/multisite.list-gmbh.de\/list-gmbh\/3439-foerdermittelakquise-energetische-sanierung-fabrik-osloer-strasse\/#article","isPartOf":{"@id":"https:\/\/multisite.list-gmbh.de\/list-gmbh\/3439-foerdermittelakquise-energetische-sanierung-fabrik-osloer-strasse\/"},"author":{"name":"mwilhelm","@id":"https:\/\/multisite.list-gmbh.de\/list-gmbh\/#\/schema\/person\/66ee3488c972438b8be35e8e69912e7b"},"headline":"F\u00f6rdermittelakquise | Energetische Sanierung Fabrik Osloer Stra\u00dfe","datePublished":"2025-09-08T10:23:32+00:00","dateModified":"2025-09-08T11:59:09+00:00","mainEntityOfPage":{"@id":"https:\/\/multisite.list-gmbh.de\/list-gmbh\/3439-foerdermittelakquise-energetische-sanierung-fabrik-osloer-strasse\/"},"wordCount":270,"image":{"@id":"https:\/\/multisite.list-gmbh.de\/list-gmbh\/3439-foerdermittelakquise-energetische-sanierung-fabrik-osloer-strasse\/#primaryimage"},"thumbnailUrl":"https:\/\/multisite.list-gmbh.de\/list-gmbh\/wp-content\/uploads\/sites\/9\/2025\/09\/230816_fabos_list_102608-scaled.jpg","articleSection":["Projektentwicklung","Projektsteuerung"],"inLanguage":"de"},{"@type":"WebPage","@id":"https:\/\/multisite.list-gmbh.de\/list-gmbh\/3439-foerdermittelakquise-energetische-sanierung-fabrik-osloer-strasse\/","url":"https:\/\/multisite.list-gmbh.de\/list-gmbh\/3439-foerdermittelakquise-energetische-sanierung-fabrik-osloer-strasse\/","name":"F\u00f6rdermittelakquise | Energetische Sanierung Fabrik Osloer Stra\u00dfe - L.I.S.T. GmbH","isPartOf":{"@id":"https:\/\/multisite.list-gmbh.de\/list-gmbh\/#website"},"primaryImageOfPage":{"@id":"https:\/\/multisite.list-gmbh.de\/list-gmbh\/3439-foerdermittelakquise-energetische-sanierung-fabrik-osloer-strasse\/#primaryimage"},"image":{"@id":"https:\/\/multisite.list-gmbh.de\/list-gmbh\/3439-foerdermittelakquise-energetische-sanierung-fabrik-osloer-strasse\/#primaryimage"},"thumbnailUrl":"https:\/\/multisite.list-gmbh.de\/list-gmbh\/wp-content\/uploads\/sites\/9\/2025\/09\/230816_fabos_list_102608-scaled.jpg","datePublished":"2025-09-08T10:23:32+00:00","dateModified":"2025-09-08T11:59:09+00:00","author":{"@id":"https:\/\/multisite.list-gmbh.de\/list-gmbh\/#\/schema\/person\/66ee3488c972438b8be35e8e69912e7b"},"breadcrumb":{"@id":"https:\/\/multisite.list-gmbh.de\/list-gmbh\/3439-foerdermittelakquise-energetische-sanierung-fabrik-osloer-strasse\/#breadcrumb"},"inLanguage":"de","potentialAction":[{"@type":"ReadAction","target":["https:\/\/multisite.list-gmbh.de\/list-gmbh\/3439-foerdermittelakquise-energetische-sanierung-fabrik-osloer-strasse\/"]}]},{"@type":"ImageObject","inLanguage":"de","@id":"https:\/\/multisite.list-gmbh.de\/list-gmbh\/3439-foerdermittelakquise-energetische-sanierung-fabrik-osloer-strasse\/#primaryimage","url":"https:\/\/multisite.list-gmbh.de\/list-gmbh\/wp-content\/uploads\/sites\/9\/2025\/09\/230816_fabos_list_102608-scaled.jpg","contentUrl":"https:\/\/multisite.list-gmbh.de\/list-gmbh\/wp-content\/uploads\/sites\/9\/2025\/09\/230816_fabos_list_102608-scaled.jpg","width":2560,"height":1920},{"@type":"BreadcrumbList","@id":"https:\/\/multisite.list-gmbh.de\/list-gmbh\/3439-foerdermittelakquise-energetische-sanierung-fabrik-osloer-strasse\/#breadcrumb","itemListElement":[{"@type":"ListItem","position":1,"name":"Startseite","item":"https:\/\/multisite.list-gmbh.de\/list-gmbh\/"},{"@type":"ListItem","position":2,"name":"F\u00f6rdermittelakquise | Energetische Sanierung Fabrik Osloer Stra\u00dfe"}]},{"@type":"WebSite","@id":"https:\/\/multisite.list-gmbh.de\/list-gmbh\/#website","url":"https:\/\/multisite.list-gmbh.de\/list-gmbh\/","name":"L.I.S.T. GmbH","description":"","potentialAction":[{"@type":"SearchAction","target":{"@type":"EntryPoint","urlTemplate":"https:\/\/multisite.list-gmbh.de\/list-gmbh\/?s={search_term_string}"},"query-input":{"@type":"PropertyValueSpecification","valueRequired":true,"valueName":"search_term_string"}}],"inLanguage":"de"},{"@type":"Person","@id":"https:\/\/multisite.list-gmbh.de\/list-gmbh\/#\/schema\/person\/66ee3488c972438b8be35e8e69912e7b","name":"mwilhelm","url":"https:\/\/multisite.list-gmbh.de\/list-gmbh\/author\/mwilhelm\/"}]}},"spectra_custom_meta":{"_uabb_version":["1.36.12"],"_edit_lock":["1757333896:35"],"_edit_last":["64"],"_yoast_wpseo_primary_category":["11"],"_yoast_wpseo_content_score":["90"],"_yoast_wpseo_estimated-reading-time-minutes":["3"],"footnotes":[""],"_fl_builder_data":["a:0:{}"],"_fl_builder_draft":["a:0:{}"],"_fl_builder_data_settings":["a:0:{}"],"_fl_builder_draft_settings":["a:0:{}"],"_thumbnail_id":["3443"],"_uag_css_file_name":["uag-css-3439.css"],"_uag_page_assets":["a:9:{s:3:\"css\";s:263:\".uag-blocks-common-selector{z-index:var(--z-index-desktop) !important}@media (max-width: 976px){.uag-blocks-common-selector{z-index:var(--z-index-tablet) !important}}@media (max-width: 767px){.uag-blocks-common-selector{z-index:var(--z-index-mobile) !important}}\n\";s:2:\"js\";s:0:\"\";s:18:\"current_block_list\";a:10:{i:0;s:14:\"core\/paragraph\";i:1;s:10:\"core\/image\";i:2;s:12:\"core\/gallery\";i:3;s:11:\"core\/search\";i:4;s:10:\"core\/group\";i:5;s:12:\"core\/heading\";i:6;s:17:\"core\/latest-posts\";i:7;s:20:\"core\/latest-comments\";i:8;s:13:\"core\/archives\";i:9;s:15:\"core\/categories\";}s:8:\"uag_flag\";b:0;s:11:\"uag_version\";s:10:\"1777471812\";s:6:\"gfonts\";a:0:{}s:10:\"gfonts_url\";s:0:\"\";s:12:\"gfonts_files\";a:0:{}s:14:\"uag_faq_layout\";b:0;}"]},"uagb_featured_image_src":{"full":["https:\/\/multisite.list-gmbh.de\/list-gmbh\/wp-content\/uploads\/sites\/9\/2025\/09\/230816_fabos_list_102608-scaled.jpg",2560,1920,false],"thumbnail":["https:\/\/multisite.list-gmbh.de\/list-gmbh\/wp-content\/uploads\/sites\/9\/2025\/09\/230816_fabos_list_102608-150x150.jpg",150,150,true],"medium":["https:\/\/multisite.list-gmbh.de\/list-gmbh\/wp-content\/uploads\/sites\/9\/2025\/09\/230816_fabos_list_102608-300x225.jpg",300,225,true],"medium_large":["https:\/\/multisite.list-gmbh.de\/list-gmbh\/wp-content\/uploads\/sites\/9\/2025\/09\/230816_fabos_list_102608-768x576.jpg",768,576,true],"large":["https:\/\/multisite.list-gmbh.de\/list-gmbh\/wp-content\/uploads\/sites\/9\/2025\/09\/230816_fabos_list_102608-1024x768.jpg",1024,768,true],"1536x1536":["https:\/\/multisite.list-gmbh.de\/list-gmbh\/wp-content\/uploads\/sites\/9\/2025\/09\/230816_fabos_list_102608-1536x1152.jpg",1536,1152,true],"2048x2048":["https:\/\/multisite.list-gmbh.de\/list-gmbh\/wp-content\/uploads\/sites\/9\/2025\/09\/230816_fabos_list_102608-2048x1536.jpg",2048,1536,true],"gform-image-choice-sm":["https:\/\/multisite.list-gmbh.de\/list-gmbh\/wp-content\/uploads\/sites\/9\/2025\/09\/230816_fabos_list_102608-scaled.jpg",300,225,false],"gform-image-choice-md":["https:\/\/multisite.list-gmbh.de\/list-gmbh\/wp-content\/uploads\/sites\/9\/2025\/09\/230816_fabos_list_102608-scaled.jpg",400,300,false],"gform-image-choice-lg":["https:\/\/multisite.list-gmbh.de\/list-gmbh\/wp-content\/uploads\/sites\/9\/2025\/09\/230816_fabos_list_102608-scaled.jpg",600,450,false]},"uagb_author_info":{"display_name":"mwilhelm","author_link":"https:\/\/multisite.list-gmbh.de\/list-gmbh\/author\/mwilhelm\/"},"uagb_comment_info":0,"uagb_excerpt":"Die L.I.S.T. unterst\u00fctzte die Fabrik Osloer Stra\u00dfe bei der Akquise von F\u00f6rdermitteln f\u00fcr Ma\u00dfnahmen zur energetischen Geb\u00e4udesanierung. Ziele waren Steigerung der Klimaresilienz, Einsparung von Heizkosten sowie Reduzierung von CO2-Emissionen. Die&hellip;","_links":{"self":[{"href":"https:\/\/multisite.list-gmbh.de\/list-gmbh\/wp-json\/wp\/v2\/posts\/3439","targetHints":{"allow":["GET"]}}],"collection":[{"href":"https:\/\/multisite.list-gmbh.de\/list-gmbh\/wp-json\/wp\/v2\/posts"}],"about":[{"href":"https:\/\/multisite.list-gmbh.de\/list-gmbh\/wp-json\/wp\/v2\/types\/post"}],"author":[{"embeddable":true,"href":"https:\/\/multisite.list-gmbh.de\/list-gmbh\/wp-json\/wp\/v2\/users\/35"}],"replies":[{"embeddable":true,"href":"https:\/\/multisite.list-gmbh.de\/list-gmbh\/wp-json\/wp\/v2\/comments?post=3439"}],"version-history":[{"count":4,"href":"https:\/\/multisite.list-gmbh.de\/list-gmbh\/wp-json\/wp\/v2\/posts\/3439\/revisions"}],"predecessor-version":[{"id":3454,"href":"https:\/\/multisite.list-gmbh.de\/list-gmbh\/wp-json\/wp\/v2\/posts\/3439\/revisions\/3454"}],"wp:featuredmedia":[{"embeddable":true,"href":"https:\/\/multisite.list-gmbh.de\/list-gmbh\/wp-json\/wp\/v2\/media\/3443"}],"wp:attachment":[{"href":"https:\/\/multisite.list-gmbh.de\/list-gmbh\/wp-json\/wp\/v2\/media?parent=3439"}],"wp:term":[{"taxonomy":"category","embeddable":true,"href":"https:\/\/multisite.list-gmbh.de\/list-gmbh\/wp-json\/wp\/v2\/categories?post=3439"},{"taxonomy":"post_tag","embeddable":true,"href":"https:\/\/multisite.list-gmbh.de\/list-gmbh\/wp-json\/wp\/v2\/tags?post=3439"}],"curies":[{"name":"wp","href":"https:\/\/api.w.org\/{rel}","templated":true}]}}