{"id":268,"date":"2014-10-09T16:48:18","date_gmt":"2014-10-09T14:48:18","guid":{"rendered":"https:\/\/multisite.list-gmbh.de\/list-gmbh\/268-2007-qm-sparrplatz\/"},"modified":"2014-10-09T16:48:18","modified_gmt":"2014-10-09T14:48:18","slug":"2007-qm-sparrplatz","status":"publish","type":"post","link":"https:\/\/multisite.list-gmbh.de\/list-gmbh\/268-2007-qm-sparrplatz\/","title":{"rendered":"Quartiersmanagement Sparrplatz (Verstetigt)"},"content":{"rendered":"<p>Das Quartiersmanagementverfahren Sparrplatz endete am 31.12.2016. Im Quartier hat sich bereits 2015 der \u201eRunde Tisch Sprengelkiez\u201c gegr\u00fcndet. Ziel des offenen B\u00fcrgergremiums ist der zuk\u00fcnftige Erhalt und die Festigung von nachbarschaftlichen Strukturen. Der j\u00e4hrliche \u201eMarkt der Ideen\u201c soll als Vernetzungstreffen weiterhin Projekte mit Unterst\u00fctzer*innen und Aktiven zusammenbringen.<\/p>\n<p><!--more--><\/p>\n<p><span style=\"text-decoration: underline;\"><span style=\"text-decoration: underline;\"><img loading=\"lazy\" decoding=\"async\" class=\" alignright size-full wp-image-267\" style=\"margin-bottom: 10px; margin-left: 20px; margin-top: 20px; float: right;\" alt=\"sparr logo rgb\" src=\"https:\/\/multisite.list-gmbh.de\/list-gmbh\/wp-content\/uploads\/sites\/9\/2014\/10\/sparr_logo_rgb-f40.jpg\" width=\"200\" height=\"95\" srcset=\"https:\/\/multisite.list-gmbh.de\/list-gmbh\/wp-content\/uploads\/sites\/9\/2014\/10\/sparr_logo_rgb-f40.jpg 1240w, https:\/\/multisite.list-gmbh.de\/list-gmbh\/wp-content\/uploads\/sites\/9\/2014\/10\/sparr_logo_rgb-f40-300x143.jpg 300w, https:\/\/multisite.list-gmbh.de\/list-gmbh\/wp-content\/uploads\/sites\/9\/2014\/10\/sparr_logo_rgb-f40-1024x487.jpg 1024w, https:\/\/multisite.list-gmbh.de\/list-gmbh\/wp-content\/uploads\/sites\/9\/2014\/10\/sparr_logo_rgb-f40-768x365.jpg 768w\" sizes=\"auto, (max-width: 200px) 100vw, 200px\" \/><\/span>Entwicklungsziele<\/span><br \/>Auch wenn es weiterhin einige Defizite gibt, hat sich die Situation im Sprengelkiez laut der Datenauswertung \u201eMonitoring Soziale Stadtentwicklung\u201c seit 1999 stabilisiert. Hierzu haben wir unter anderem mit Projekten wie \u201eSch\u00f6ner SprengelKiez\u201c, ein Projekt zur Umweltbildung und der Versch\u00f6nerung des Stadtbildes, dem Umbau des Sprengelparks, dem Ausbau des Pekinger Platzes und zahlreichen Projekten im Bereich Kinder und Jugend, die unter anderem auf der Kinderfarm und dem Abenteuerspielplatz Telux umgesetzt wurden, beigetragen.<\/p>\n<p>Als erfolgreich durchgef\u00fchrte Beteiligungsprojekte sind der MARKT DER IDEEN, das Wedding Seminar und der lebendige Adventskalender zu nennen. Das sind Formate, die zur Beteiligung und Vernetzung auf niedrigschwelligem Niveau beitragen.<\/p>\n<p><span style=\"text-decoration: underline;\">Verstetigung<\/span><br \/>Auf Grundlage eines Gutachtens des Deutschen Instituts f\u00fcr Urbanistik beschloss die Senatsverwaltung f\u00fcr Stadtentwicklung und Umwelt 2014 das Quartiersmanagementgebiet Sparrplatz zum Dezember 2016 aus der intensiven Betreuung zu entlassen.<\/p>\n<p>Wir&nbsp;sahen die Verstetigung als einen Prozess, der gemeinsam mit den Akteuren vor Ort sowie den Verantwortlichen aus der Verwaltung, d.h. dem Bezirksamt Mitte und der Senatsverwaltung f\u00fcr Stadtentwicklung und Umwelt, gestaltet werden musste. Wir als QM-Team stellten die Rahmenbedingungen daf\u00fcr bereit und&nbsp;gestalteten diesen Prozess aktiv und intensiv mit. Die zwei letzten Jahre im Quartier waren f\u00fcr das L.I.S.T.-Team am Sparrplatz ein ebensolcher Lernprozess wie f\u00fcr alle anderen am Quartiersmanagementverfahren Beteiligten.<\/p>\n<p>Die Verstetigung beschreibt dabei die letzte Arbeitsphase ab 2015 bis Ende 2016, in der aufgebaute Strukturen so gest\u00e4rkt werden sollen, dass sie auch ohne QM existieren k\u00f6nnen. Besondere Priorit\u00e4t hatten in dieser Phase das SprengelHaus, die Gr\u00fcndung eines B\u00fcrgergremiums f\u00fcr den Sprengelkiez sowie das Benennen von Ansprechpartnern auf Bezirks- und Senatsebene.<\/p>\n<p>Ab 2015&nbsp;wurden Fachgespr\u00e4che <strong>(AG Verstetigung)<\/strong> zu verstetigungsrelevanten Themen durchgef\u00fchrt. Die AG Verstetigung&nbsp;begleitete den Verstetigungsprozess und befasste sich mit Themen, die die Arbeit im Quartier nach 2016 betreffen k\u00f6nnten.<\/p>\n<p>Der <strong>Runde Tisch SprengelKiez<\/strong>&nbsp;wurde etabliert. Er versteht sich nicht als Nachfolgegremium des Quartiersrates, sondern als offenes Gremium, welches explizit alle Interessierten und nat\u00fcrlich auch die Mitglieder des Quartiersrates und der Aktionsfondsjury einl\u00e4dt teilzunehmen. Das ausgeschriebene Projekt \u201eRunder Tisch SprengelKiez \u2013 Begleiten, Unterst\u00fctzen, F\u00f6rdern\u201c unterst\u00fctzte und erm\u00f6glichte das \u201eselbstst\u00e4ndig werden\u201c.<\/p>\n<p>Das Veranstaltungsformat <strong>\u201eMARKT DER IDEEN\u201c<\/strong>&nbsp;war und ist&nbsp;ein geeignetes Instrument, um \u00fcber die bisher bekannten Strukturen hinaus unterschiedliche Bewohner_innen und Akteure zu erreichen. <br \/>Stabile Nachbarschaften und soziale Netzwerke brauchen funktionierende, sich selbst tragende Strukturen. Nur so kann eine erfolgreiche Verstetigung des QM-Verfahrens gelingen. Grunds\u00e4tzlich gibt es im SprengelKiez unterschiedliche, eher kleinteilige Beteiligungsstrukturen: Viele engagierte Vereine, Einzelpersonen und Einrichtungen, die miteinander kooperieren. Flankiert wurde der Prozess der Verstetigung durch sorgf\u00e4ltig ausgew\u00e4hlte Projekte, um den Kiez nachhaltig zu st\u00e4rken.<\/p>\n<p>Dazu z\u00e4hlten:<\/p>\n<ul style=\"list-style-type: disc;\">\n<li>Nachbarschaftsarbeit im Nachbarschaftladen (Tr\u00e4ger: Moabiter Ratschlag e.V.)<\/li>\n<li>Ausbau der B\u00fcrgerredaktion (Tr\u00e4ger: georg + georg)<\/li>\n<li>Schule gemeinsam gestalten (Tr\u00e4ger: Zwei Ebenen gUG)<\/li>\n<li>Gesund und bewegt im SprengelKiez (bwgt e.V.)<\/li>\n<li>Wir st\u00e4rken unsere Kinder (Weddinger Kinderfarm e.V.)<\/li>\n<li>Runder Tisch SprengelKiez \u2013 Begleiten, Unterst\u00fctzen, F\u00f6rdern\u201c (N.N.)<\/li>\n<\/ul>\n<p>Web: <a href=\"http:\/\/www.sparrplatz-quartier.de\" target=\"_blank\" rel=\"noopener\">www.sparrplatz-quartier.de<\/a><\/p>\n<p>&nbsp;<\/p>\n","protected":false},"excerpt":{"rendered":"<p>Das Quartiersmanagementverfahren Sparrplatz endete am 31.12.2016. Im Quartier hat sich bereits 2015 der \u201eRunde Tisch Sprengelkiez\u201c gegr\u00fcndet. Ziel des offenen B\u00fcrgergremiums ist der zuk\u00fcnftige Erhalt und die Festigung von nachbarschaftlichen&hellip;<\/p>\n","protected":false},"author":1,"featured_media":267,"comment_status":"closed","ping_status":"closed","sticky":false,"template":"","format":"standard","meta":{"_acf_changed":false,"_uag_custom_page_level_css":"","footnotes":""},"categories":[19],"tags":[],"class_list":["post-268","post","type-post","status-publish","format-standard","has-post-thumbnail","hentry","category-stadtteilentwicklung-archiv"],"acf":[],"yoast_head":"<!-- This site is optimized with the Yoast SEO plugin v27.4 - https:\/\/yoast.com\/product\/yoast-seo-wordpress\/ -->\n<title>Quartiersmanagement Sparrplatz (Verstetigt) - L.I.S.T. GmbH<\/title>\n<meta name=\"robots\" content=\"noindex, follow, max-snippet:-1, max-image-preview:large, max-video-preview:-1\" \/>\n<meta property=\"og:locale\" content=\"de_DE\" \/>\n<meta property=\"og:type\" content=\"article\" \/>\n<meta property=\"og:title\" content=\"Quartiersmanagement Sparrplatz (Verstetigt) - L.I.S.T. GmbH\" \/>\n<meta property=\"og:description\" content=\"Das Quartiersmanagementverfahren Sparrplatz endete am 31.12.2016. Im Quartier hat sich bereits 2015 der \u201eRunde Tisch Sprengelkiez\u201c gegr\u00fcndet. Ziel des offenen B\u00fcrgergremiums ist der zuk\u00fcnftige Erhalt und die Festigung von nachbarschaftlichen&hellip;\" \/>\n<meta property=\"og:url\" content=\"https:\/\/multisite.list-gmbh.de\/list-gmbh\/268-2007-qm-sparrplatz\/\" \/>\n<meta property=\"og:site_name\" content=\"L.I.S.T. GmbH\" \/>\n<meta property=\"article:published_time\" content=\"2014-10-09T14:48:18+00:00\" \/>\n<meta property=\"og:image\" content=\"https:\/\/multisite.list-gmbh.de\/list-gmbh\/wp-content\/uploads\/sites\/9\/2014\/10\/sparr_logo_rgb-f40.jpg\" \/>\n\t<meta property=\"og:image:width\" content=\"1240\" \/>\n\t<meta property=\"og:image:height\" content=\"590\" \/>\n\t<meta property=\"og:image:type\" content=\"image\/jpeg\" \/>\n<meta name=\"author\" content=\"eniky\" \/>\n<meta name=\"twitter:card\" content=\"summary_large_image\" \/>\n<meta name=\"twitter:label1\" content=\"Verfasst von\" \/>\n\t<meta name=\"twitter:data1\" content=\"eniky\" \/>\n\t<meta name=\"twitter:label2\" content=\"Gesch\u00e4tzte Lesezeit\" \/>\n\t<meta name=\"twitter:data2\" content=\"3\u00a0Minuten\" \/>\n<script type=\"application\/ld+json\" class=\"yoast-schema-graph\">{\"@context\":\"https:\\\/\\\/schema.org\",\"@graph\":[{\"@type\":\"Article\",\"@id\":\"https:\\\/\\\/multisite.list-gmbh.de\\\/list-gmbh\\\/268-2007-qm-sparrplatz\\\/#article\",\"isPartOf\":{\"@id\":\"https:\\\/\\\/multisite.list-gmbh.de\\\/list-gmbh\\\/268-2007-qm-sparrplatz\\\/\"},\"author\":{\"name\":\"eniky\",\"@id\":\"https:\\\/\\\/multisite.list-gmbh.de\\\/list-gmbh\\\/#\\\/schema\\\/person\\\/14ff92b32da9f9c01d1f35830eed4f1b\"},\"headline\":\"Quartiersmanagement Sparrplatz (Verstetigt)\",\"datePublished\":\"2014-10-09T14:48:18+00:00\",\"mainEntityOfPage\":{\"@id\":\"https:\\\/\\\/multisite.list-gmbh.de\\\/list-gmbh\\\/268-2007-qm-sparrplatz\\\/\"},\"wordCount\":560,\"image\":{\"@id\":\"https:\\\/\\\/multisite.list-gmbh.de\\\/list-gmbh\\\/268-2007-qm-sparrplatz\\\/#primaryimage\"},\"thumbnailUrl\":\"https:\\\/\\\/multisite.list-gmbh.de\\\/list-gmbh\\\/wp-content\\\/uploads\\\/sites\\\/9\\\/2014\\\/10\\\/sparr_logo_rgb-f40.jpg\",\"articleSection\":[\"Stadtteilentwicklung | Archiv\"],\"inLanguage\":\"de\"},{\"@type\":\"WebPage\",\"@id\":\"https:\\\/\\\/multisite.list-gmbh.de\\\/list-gmbh\\\/268-2007-qm-sparrplatz\\\/\",\"url\":\"https:\\\/\\\/multisite.list-gmbh.de\\\/list-gmbh\\\/268-2007-qm-sparrplatz\\\/\",\"name\":\"Quartiersmanagement Sparrplatz (Verstetigt) - L.I.S.T. GmbH\",\"isPartOf\":{\"@id\":\"https:\\\/\\\/multisite.list-gmbh.de\\\/list-gmbh\\\/#website\"},\"primaryImageOfPage\":{\"@id\":\"https:\\\/\\\/multisite.list-gmbh.de\\\/list-gmbh\\\/268-2007-qm-sparrplatz\\\/#primaryimage\"},\"image\":{\"@id\":\"https:\\\/\\\/multisite.list-gmbh.de\\\/list-gmbh\\\/268-2007-qm-sparrplatz\\\/#primaryimage\"},\"thumbnailUrl\":\"https:\\\/\\\/multisite.list-gmbh.de\\\/list-gmbh\\\/wp-content\\\/uploads\\\/sites\\\/9\\\/2014\\\/10\\\/sparr_logo_rgb-f40.jpg\",\"datePublished\":\"2014-10-09T14:48:18+00:00\",\"author\":{\"@id\":\"https:\\\/\\\/multisite.list-gmbh.de\\\/list-gmbh\\\/#\\\/schema\\\/person\\\/14ff92b32da9f9c01d1f35830eed4f1b\"},\"breadcrumb\":{\"@id\":\"https:\\\/\\\/multisite.list-gmbh.de\\\/list-gmbh\\\/268-2007-qm-sparrplatz\\\/#breadcrumb\"},\"inLanguage\":\"de\",\"potentialAction\":[{\"@type\":\"ReadAction\",\"target\":[\"https:\\\/\\\/multisite.list-gmbh.de\\\/list-gmbh\\\/268-2007-qm-sparrplatz\\\/\"]}]},{\"@type\":\"ImageObject\",\"inLanguage\":\"de\",\"@id\":\"https:\\\/\\\/multisite.list-gmbh.de\\\/list-gmbh\\\/268-2007-qm-sparrplatz\\\/#primaryimage\",\"url\":\"https:\\\/\\\/multisite.list-gmbh.de\\\/list-gmbh\\\/wp-content\\\/uploads\\\/sites\\\/9\\\/2014\\\/10\\\/sparr_logo_rgb-f40.jpg\",\"contentUrl\":\"https:\\\/\\\/multisite.list-gmbh.de\\\/list-gmbh\\\/wp-content\\\/uploads\\\/sites\\\/9\\\/2014\\\/10\\\/sparr_logo_rgb-f40.jpg\",\"width\":1240,\"height\":590},{\"@type\":\"BreadcrumbList\",\"@id\":\"https:\\\/\\\/multisite.list-gmbh.de\\\/list-gmbh\\\/268-2007-qm-sparrplatz\\\/#breadcrumb\",\"itemListElement\":[{\"@type\":\"ListItem\",\"position\":1,\"name\":\"Startseite\",\"item\":\"https:\\\/\\\/multisite.list-gmbh.de\\\/list-gmbh\\\/\"},{\"@type\":\"ListItem\",\"position\":2,\"name\":\"Quartiersmanagement Sparrplatz (Verstetigt)\"}]},{\"@type\":\"WebSite\",\"@id\":\"https:\\\/\\\/multisite.list-gmbh.de\\\/list-gmbh\\\/#website\",\"url\":\"https:\\\/\\\/multisite.list-gmbh.de\\\/list-gmbh\\\/\",\"name\":\"L.I.S.T. GmbH\",\"description\":\"\",\"potentialAction\":[{\"@type\":\"SearchAction\",\"target\":{\"@type\":\"EntryPoint\",\"urlTemplate\":\"https:\\\/\\\/multisite.list-gmbh.de\\\/list-gmbh\\\/?s={search_term_string}\"},\"query-input\":{\"@type\":\"PropertyValueSpecification\",\"valueRequired\":true,\"valueName\":\"search_term_string\"}}],\"inLanguage\":\"de\"},{\"@type\":\"Person\",\"@id\":\"https:\\\/\\\/multisite.list-gmbh.de\\\/list-gmbh\\\/#\\\/schema\\\/person\\\/14ff92b32da9f9c01d1f35830eed4f1b\",\"name\":\"eniky\",\"sameAs\":[\"https:\\\/\\\/multisite.list-gmbh.de\"],\"url\":\"https:\\\/\\\/multisite.list-gmbh.de\\\/list-gmbh\\\/author\\\/eniky\\\/\"}]}<\/script>\n<!-- \/ Yoast SEO plugin. -->","yoast_head_json":{"title":"Quartiersmanagement Sparrplatz (Verstetigt) - L.I.S.T. GmbH","robots":{"index":"noindex","follow":"follow","max-snippet":"max-snippet:-1","max-image-preview":"max-image-preview:large","max-video-preview":"max-video-preview:-1"},"og_locale":"de_DE","og_type":"article","og_title":"Quartiersmanagement Sparrplatz (Verstetigt) - L.I.S.T. GmbH","og_description":"Das Quartiersmanagementverfahren Sparrplatz endete am 31.12.2016. Im Quartier hat sich bereits 2015 der \u201eRunde Tisch Sprengelkiez\u201c gegr\u00fcndet. Ziel des offenen B\u00fcrgergremiums ist der zuk\u00fcnftige Erhalt und die Festigung von nachbarschaftlichen&hellip;","og_url":"https:\/\/multisite.list-gmbh.de\/list-gmbh\/268-2007-qm-sparrplatz\/","og_site_name":"L.I.S.T. GmbH","article_published_time":"2014-10-09T14:48:18+00:00","og_image":[{"width":1240,"height":590,"url":"https:\/\/multisite.list-gmbh.de\/list-gmbh\/wp-content\/uploads\/sites\/9\/2014\/10\/sparr_logo_rgb-f40.jpg","type":"image\/jpeg"}],"author":"eniky","twitter_card":"summary_large_image","twitter_misc":{"Verfasst von":"eniky","Gesch\u00e4tzte Lesezeit":"3\u00a0Minuten"},"schema":{"@context":"https:\/\/schema.org","@graph":[{"@type":"Article","@id":"https:\/\/multisite.list-gmbh.de\/list-gmbh\/268-2007-qm-sparrplatz\/#article","isPartOf":{"@id":"https:\/\/multisite.list-gmbh.de\/list-gmbh\/268-2007-qm-sparrplatz\/"},"author":{"name":"eniky","@id":"https:\/\/multisite.list-gmbh.de\/list-gmbh\/#\/schema\/person\/14ff92b32da9f9c01d1f35830eed4f1b"},"headline":"Quartiersmanagement Sparrplatz (Verstetigt)","datePublished":"2014-10-09T14:48:18+00:00","mainEntityOfPage":{"@id":"https:\/\/multisite.list-gmbh.de\/list-gmbh\/268-2007-qm-sparrplatz\/"},"wordCount":560,"image":{"@id":"https:\/\/multisite.list-gmbh.de\/list-gmbh\/268-2007-qm-sparrplatz\/#primaryimage"},"thumbnailUrl":"https:\/\/multisite.list-gmbh.de\/list-gmbh\/wp-content\/uploads\/sites\/9\/2014\/10\/sparr_logo_rgb-f40.jpg","articleSection":["Stadtteilentwicklung | Archiv"],"inLanguage":"de"},{"@type":"WebPage","@id":"https:\/\/multisite.list-gmbh.de\/list-gmbh\/268-2007-qm-sparrplatz\/","url":"https:\/\/multisite.list-gmbh.de\/list-gmbh\/268-2007-qm-sparrplatz\/","name":"Quartiersmanagement Sparrplatz (Verstetigt) - L.I.S.T. GmbH","isPartOf":{"@id":"https:\/\/multisite.list-gmbh.de\/list-gmbh\/#website"},"primaryImageOfPage":{"@id":"https:\/\/multisite.list-gmbh.de\/list-gmbh\/268-2007-qm-sparrplatz\/#primaryimage"},"image":{"@id":"https:\/\/multisite.list-gmbh.de\/list-gmbh\/268-2007-qm-sparrplatz\/#primaryimage"},"thumbnailUrl":"https:\/\/multisite.list-gmbh.de\/list-gmbh\/wp-content\/uploads\/sites\/9\/2014\/10\/sparr_logo_rgb-f40.jpg","datePublished":"2014-10-09T14:48:18+00:00","author":{"@id":"https:\/\/multisite.list-gmbh.de\/list-gmbh\/#\/schema\/person\/14ff92b32da9f9c01d1f35830eed4f1b"},"breadcrumb":{"@id":"https:\/\/multisite.list-gmbh.de\/list-gmbh\/268-2007-qm-sparrplatz\/#breadcrumb"},"inLanguage":"de","potentialAction":[{"@type":"ReadAction","target":["https:\/\/multisite.list-gmbh.de\/list-gmbh\/268-2007-qm-sparrplatz\/"]}]},{"@type":"ImageObject","inLanguage":"de","@id":"https:\/\/multisite.list-gmbh.de\/list-gmbh\/268-2007-qm-sparrplatz\/#primaryimage","url":"https:\/\/multisite.list-gmbh.de\/list-gmbh\/wp-content\/uploads\/sites\/9\/2014\/10\/sparr_logo_rgb-f40.jpg","contentUrl":"https:\/\/multisite.list-gmbh.de\/list-gmbh\/wp-content\/uploads\/sites\/9\/2014\/10\/sparr_logo_rgb-f40.jpg","width":1240,"height":590},{"@type":"BreadcrumbList","@id":"https:\/\/multisite.list-gmbh.de\/list-gmbh\/268-2007-qm-sparrplatz\/#breadcrumb","itemListElement":[{"@type":"ListItem","position":1,"name":"Startseite","item":"https:\/\/multisite.list-gmbh.de\/list-gmbh\/"},{"@type":"ListItem","position":2,"name":"Quartiersmanagement Sparrplatz (Verstetigt)"}]},{"@type":"WebSite","@id":"https:\/\/multisite.list-gmbh.de\/list-gmbh\/#website","url":"https:\/\/multisite.list-gmbh.de\/list-gmbh\/","name":"L.I.S.T. GmbH","description":"","potentialAction":[{"@type":"SearchAction","target":{"@type":"EntryPoint","urlTemplate":"https:\/\/multisite.list-gmbh.de\/list-gmbh\/?s={search_term_string}"},"query-input":{"@type":"PropertyValueSpecification","valueRequired":true,"valueName":"search_term_string"}}],"inLanguage":"de"},{"@type":"Person","@id":"https:\/\/multisite.list-gmbh.de\/list-gmbh\/#\/schema\/person\/14ff92b32da9f9c01d1f35830eed4f1b","name":"eniky","sameAs":["https:\/\/multisite.list-gmbh.de"],"url":"https:\/\/multisite.list-gmbh.de\/list-gmbh\/author\/eniky\/"}]}},"spectra_custom_meta":{"_thumbnail_id":["267"],"_fgj2wp_old_id":["156"],"_uag_css_file_name":["uag-css-268.css"],"_uag_page_assets":["a:9:{s:3:\"css\";s:263:\".uag-blocks-common-selector{z-index:var(--z-index-desktop) !important}@media (max-width: 976px){.uag-blocks-common-selector{z-index:var(--z-index-tablet) !important}}@media (max-width: 767px){.uag-blocks-common-selector{z-index:var(--z-index-mobile) !important}}\n\";s:2:\"js\";s:0:\"\";s:18:\"current_block_list\";a:7:{i:0;s:11:\"core\/search\";i:1;s:10:\"core\/group\";i:2;s:12:\"core\/heading\";i:3;s:17:\"core\/latest-posts\";i:4;s:20:\"core\/latest-comments\";i:5;s:13:\"core\/archives\";i:6;s:15:\"core\/categories\";}s:8:\"uag_flag\";b:0;s:11:\"uag_version\";s:10:\"1777471812\";s:6:\"gfonts\";a:0:{}s:10:\"gfonts_url\";s:0:\"\";s:12:\"gfonts_files\";a:0:{}s:14:\"uag_faq_layout\";b:0;}"]},"uagb_featured_image_src":{"full":["https:\/\/multisite.list-gmbh.de\/list-gmbh\/wp-content\/uploads\/sites\/9\/2014\/10\/sparr_logo_rgb-f40.jpg",1240,590,false],"thumbnail":["https:\/\/multisite.list-gmbh.de\/list-gmbh\/wp-content\/uploads\/sites\/9\/2014\/10\/sparr_logo_rgb-f40-150x150.jpg",150,150,true],"medium":["https:\/\/multisite.list-gmbh.de\/list-gmbh\/wp-content\/uploads\/sites\/9\/2014\/10\/sparr_logo_rgb-f40-300x143.jpg",300,143,true],"medium_large":["https:\/\/multisite.list-gmbh.de\/list-gmbh\/wp-content\/uploads\/sites\/9\/2014\/10\/sparr_logo_rgb-f40-768x365.jpg",768,365,true],"large":["https:\/\/multisite.list-gmbh.de\/list-gmbh\/wp-content\/uploads\/sites\/9\/2014\/10\/sparr_logo_rgb-f40-1024x487.jpg",1024,487,true],"1536x1536":["https:\/\/multisite.list-gmbh.de\/list-gmbh\/wp-content\/uploads\/sites\/9\/2014\/10\/sparr_logo_rgb-f40.jpg",1240,590,false],"2048x2048":["https:\/\/multisite.list-gmbh.de\/list-gmbh\/wp-content\/uploads\/sites\/9\/2014\/10\/sparr_logo_rgb-f40.jpg",1240,590,false],"gform-image-choice-sm":["https:\/\/multisite.list-gmbh.de\/list-gmbh\/wp-content\/uploads\/sites\/9\/2014\/10\/sparr_logo_rgb-f40.jpg",300,143,false],"gform-image-choice-md":["https:\/\/multisite.list-gmbh.de\/list-gmbh\/wp-content\/uploads\/sites\/9\/2014\/10\/sparr_logo_rgb-f40.jpg",400,190,false],"gform-image-choice-lg":["https:\/\/multisite.list-gmbh.de\/list-gmbh\/wp-content\/uploads\/sites\/9\/2014\/10\/sparr_logo_rgb-f40.jpg",600,285,false]},"uagb_author_info":{"display_name":"eniky","author_link":"https:\/\/multisite.list-gmbh.de\/list-gmbh\/author\/eniky\/"},"uagb_comment_info":0,"uagb_excerpt":"Das Quartiersmanagementverfahren Sparrplatz endete am 31.12.2016. Im Quartier hat sich bereits 2015 der \u201eRunde Tisch Sprengelkiez\u201c gegr\u00fcndet. Ziel des offenen B\u00fcrgergremiums ist der zuk\u00fcnftige Erhalt und die Festigung von nachbarschaftlichen&hellip;","_links":{"self":[{"href":"https:\/\/multisite.list-gmbh.de\/list-gmbh\/wp-json\/wp\/v2\/posts\/268","targetHints":{"allow":["GET"]}}],"collection":[{"href":"https:\/\/multisite.list-gmbh.de\/list-gmbh\/wp-json\/wp\/v2\/posts"}],"about":[{"href":"https:\/\/multisite.list-gmbh.de\/list-gmbh\/wp-json\/wp\/v2\/types\/post"}],"author":[{"embeddable":true,"href":"https:\/\/multisite.list-gmbh.de\/list-gmbh\/wp-json\/wp\/v2\/users\/1"}],"replies":[{"embeddable":true,"href":"https:\/\/multisite.list-gmbh.de\/list-gmbh\/wp-json\/wp\/v2\/comments?post=268"}],"version-history":[{"count":0,"href":"https:\/\/multisite.list-gmbh.de\/list-gmbh\/wp-json\/wp\/v2\/posts\/268\/revisions"}],"wp:featuredmedia":[{"embeddable":true,"href":"https:\/\/multisite.list-gmbh.de\/list-gmbh\/wp-json\/wp\/v2\/media\/267"}],"wp:attachment":[{"href":"https:\/\/multisite.list-gmbh.de\/list-gmbh\/wp-json\/wp\/v2\/media?parent=268"}],"wp:term":[{"taxonomy":"category","embeddable":true,"href":"https:\/\/multisite.list-gmbh.de\/list-gmbh\/wp-json\/wp\/v2\/categories?post=268"},{"taxonomy":"post_tag","embeddable":true,"href":"https:\/\/multisite.list-gmbh.de\/list-gmbh\/wp-json\/wp\/v2\/tags?post=268"}],"curies":[{"name":"wp","href":"https:\/\/api.w.org\/{rel}","templated":true}]}}