{"id":1123,"date":"2025-07-15T15:29:45","date_gmt":"2025-07-15T13:29:45","guid":{"rendered":"https:\/\/multisite.list-gmbh.de\/list-gmbh\/?p=1123"},"modified":"2025-09-05T18:32:19","modified_gmt":"2025-09-05T16:32:19","slug":"familienfoerderzentrum-spektehaus","status":"publish","type":"post","link":"https:\/\/multisite.list-gmbh.de\/list-gmbh\/1123-familienfoerderzentrum-spektehaus\/","title":{"rendered":"Inklusives Familienf\u00f6rderzentrum &#8222;Spekte-Haus&#8220;"},"content":{"rendered":"\n<p>In einem neuen Familienf\u00f6rderzentrum in Spandau entstehen dringend ben\u00f6tigte Kitapl\u00e4tze und Angebote zur Familienf\u00f6rderung. Die Finanzierung des sozialwirtschaftlichen Leuchtturmprojekts im Falkenhagener Feld erfolgt mit vier F\u00f6rderprogrammen.<\/p>\n\n\n\n<figure class=\"wp-block-image size-large\"><img loading=\"lazy\" decoding=\"async\" width=\"1024\" height=\"519\" src=\"https:\/\/multisite.list-gmbh.de\/list-gmbh\/wp-content\/uploads\/sites\/9\/2025\/07\/spekte_a43_ansicht-n-o-1-1024x519.jpg\" alt=\"\" class=\"wp-image-3348\" srcset=\"https:\/\/multisite.list-gmbh.de\/list-gmbh\/wp-content\/uploads\/sites\/9\/2025\/07\/spekte_a43_ansicht-n-o-1-1024x519.jpg 1024w, https:\/\/multisite.list-gmbh.de\/list-gmbh\/wp-content\/uploads\/sites\/9\/2025\/07\/spekte_a43_ansicht-n-o-1-300x152.jpg 300w, https:\/\/multisite.list-gmbh.de\/list-gmbh\/wp-content\/uploads\/sites\/9\/2025\/07\/spekte_a43_ansicht-n-o-1-768x389.jpg 768w, https:\/\/multisite.list-gmbh.de\/list-gmbh\/wp-content\/uploads\/sites\/9\/2025\/07\/spekte_a43_ansicht-n-o-1-1536x779.jpg 1536w, https:\/\/multisite.list-gmbh.de\/list-gmbh\/wp-content\/uploads\/sites\/9\/2025\/07\/spekte_a43_ansicht-n-o-1-2048x1038.jpg 2048w\" sizes=\"auto, (max-width: 1024px) 100vw, 1024px\" \/><figcaption class=\"wp-element-caption\">Spekte-Haus Ansicht: A83 Architeken: Jens Ruhe<\/figcaption><\/figure>\n\n\n\n<p>Das inklusive Familienf\u00f6rderzentrum \u201eSpekte-Haus\u201c entsteht auf einem Grundst\u00fcck im s\u00fcdlichen Falkenhagener Feld. Das Gebiet weist einen besonders hohen Bedarf an Kitapl\u00e4tzen auf, weshalb das neue Geb\u00e4ude als zentrale Anlaufstelle f\u00fcr Kinder und Familien dient. Durch die B\u00fcndelung von Angeboten sollen Synergien und die Sicherung gesellschaftlicher Teilhabe f\u00fcr Familien erzielt werden, insbesondere f\u00fcr solche mit besonderen Bedarfen. Nach dem Abbruch des eingeschossigen Bestandsgeb\u00e4udes aus den 1970er-Jahren entsteht auf dem Grundst\u00fcck ein Neubau, der die soziale und differenzierte Nutzung sichtbar macht. Die Architektur mit abgerundeten Fassaden, Holzverkleidung und bunten Paneelen l\u00e4dt zum sozialen Ankerpunkt ein. Die Baufertigstellung ist f\u00fcr November 2027 geplant, die Inbetriebnahme erfolgt im Januar 2028. W\u00e4hrend der Bauzeit wird das teilstation\u00e4re Gruppenangebot an einem Ersatzstandort weitergef\u00fchrt.<\/p>\n\n\n\n<figure class=\"wp-block-gallery has-nested-images columns-default is-cropped wp-block-gallery-1 is-layout-flex wp-block-gallery-is-layout-flex\">\n<figure class=\"wp-block-image size-large\"><img loading=\"lazy\" decoding=\"async\" width=\"1024\" height=\"930\" data-id=\"3355\" src=\"https:\/\/multisite.list-gmbh.de\/list-gmbh\/wp-content\/uploads\/sites\/9\/2025\/07\/250121_scheckuebergabe_qu_138833-1024x930.jpg\" alt=\"\" class=\"wp-image-3355\" srcset=\"https:\/\/multisite.list-gmbh.de\/list-gmbh\/wp-content\/uploads\/sites\/9\/2025\/07\/250121_scheckuebergabe_qu_138833-1024x930.jpg 1024w, https:\/\/multisite.list-gmbh.de\/list-gmbh\/wp-content\/uploads\/sites\/9\/2025\/07\/250121_scheckuebergabe_qu_138833-300x272.jpg 300w, https:\/\/multisite.list-gmbh.de\/list-gmbh\/wp-content\/uploads\/sites\/9\/2025\/07\/250121_scheckuebergabe_qu_138833-768x697.jpg 768w, https:\/\/multisite.list-gmbh.de\/list-gmbh\/wp-content\/uploads\/sites\/9\/2025\/07\/250121_scheckuebergabe_qu_138833-1536x1395.jpg 1536w, https:\/\/multisite.list-gmbh.de\/list-gmbh\/wp-content\/uploads\/sites\/9\/2025\/07\/250121_scheckuebergabe_qu_138833-2048x1859.jpg 2048w\" sizes=\"auto, (max-width: 1024px) 100vw, 1024px\" \/><figcaption class=\"wp-element-caption\">\u00dcbergabe &#8222;F\u00f6rdermittelscheck&#8220; im Januar 2025<\/figcaption><\/figure>\n\n\n\n<figure class=\"wp-block-image size-large\"><img loading=\"lazy\" decoding=\"async\" width=\"1024\" height=\"768\" data-id=\"3369\" src=\"https:\/\/multisite.list-gmbh.de\/list-gmbh\/wp-content\/uploads\/sites\/9\/2025\/07\/241107_spekte_bestand_cm_114724-1024x768.jpg\" alt=\"\" class=\"wp-image-3369\" srcset=\"https:\/\/multisite.list-gmbh.de\/list-gmbh\/wp-content\/uploads\/sites\/9\/2025\/07\/241107_spekte_bestand_cm_114724-1024x768.jpg 1024w, https:\/\/multisite.list-gmbh.de\/list-gmbh\/wp-content\/uploads\/sites\/9\/2025\/07\/241107_spekte_bestand_cm_114724-300x225.jpg 300w, https:\/\/multisite.list-gmbh.de\/list-gmbh\/wp-content\/uploads\/sites\/9\/2025\/07\/241107_spekte_bestand_cm_114724-768x576.jpg 768w, https:\/\/multisite.list-gmbh.de\/list-gmbh\/wp-content\/uploads\/sites\/9\/2025\/07\/241107_spekte_bestand_cm_114724-1536x1152.jpg 1536w, https:\/\/multisite.list-gmbh.de\/list-gmbh\/wp-content\/uploads\/sites\/9\/2025\/07\/241107_spekte_bestand_cm_114724-2048x1536.jpg 2048w\" sizes=\"auto, (max-width: 1024px) 100vw, 1024px\" \/><figcaption class=\"wp-element-caption\">Bestandsgeb\u00e4ude aus den 1970er Jahren<\/figcaption><\/figure>\n<\/figure>\n\n\n\n<p><strong>Besonderheiten Projekt:<\/strong><\/p>\n\n\n\n<ul class=\"wp-block-list\">\n<li>Finanzierung mit vier F\u00f6rderprogrammen<\/li>\n\n\n\n<li>Schaffung eines Ankerpunkts f\u00fcr Familien<\/li>\n\n\n\n<li>Erbbaurechtsvertrag<\/li>\n\n\n\n<li>Barrierefreiheit<\/li>\n\n\n\n<li>Inklusion<\/li>\n\n\n\n<li>Anforderungen Bundesteilhabegesetz<\/li>\n\n\n\n<li>\u00f6ffentliche Bauma\u00dfnahme: Regelverfahren VOB\/A-ABau<\/li>\n\n\n\n<li>Energetischer Standard: Energieeffizienzhaus KfW 40<\/li>\n<\/ul>\n\n\n\n<figure class=\"wp-block-image size-large\"><img loading=\"lazy\" decoding=\"async\" width=\"1024\" height=\"469\" src=\"https:\/\/multisite.list-gmbh.de\/list-gmbh\/wp-content\/uploads\/sites\/9\/2025\/07\/spekte_a83_ansicht-n-w-1-1024x469.jpg\" alt=\"\" class=\"wp-image-3349\" srcset=\"https:\/\/multisite.list-gmbh.de\/list-gmbh\/wp-content\/uploads\/sites\/9\/2025\/07\/spekte_a83_ansicht-n-w-1-1024x469.jpg 1024w, https:\/\/multisite.list-gmbh.de\/list-gmbh\/wp-content\/uploads\/sites\/9\/2025\/07\/spekte_a83_ansicht-n-w-1-300x137.jpg 300w, https:\/\/multisite.list-gmbh.de\/list-gmbh\/wp-content\/uploads\/sites\/9\/2025\/07\/spekte_a83_ansicht-n-w-1-768x352.jpg 768w, https:\/\/multisite.list-gmbh.de\/list-gmbh\/wp-content\/uploads\/sites\/9\/2025\/07\/spekte_a83_ansicht-n-w-1-1536x704.jpg 1536w, https:\/\/multisite.list-gmbh.de\/list-gmbh\/wp-content\/uploads\/sites\/9\/2025\/07\/spekte_a83_ansicht-n-w-1-2048x938.jpg 2048w\" sizes=\"auto, (max-width: 1024px) 100vw, 1024px\" \/><figcaption class=\"wp-element-caption\">Spekte-Haus Ansicht: A83 Architeken: Jens Ruhe<\/figcaption><\/figure>\n\n\n\n<p><strong>Schwerpunkte Projektsteuerung:<\/strong><\/p>\n\n\n\n<ul class=\"wp-block-list\">\n<li>Bauherr:innen-Vertretung<\/li>\n\n\n\n<li>Begleitung und Beratung der Bauherrin im sozialwirtschaftlichen\/gemeinn\u00fctzigen Bereich<\/li>\n\n\n\n<li>Synchronisation unterschiedlicher F\u00f6rderungen und F\u00f6rdergeber*innen<\/li>\n\n\n\n<li>Mitwirkung bei der Koordination der Umsetzung der unterschiedlichen F\u00f6rderrichtlinien<\/li>\n\n\n\n<li>Mittelabrufplanung und Mitwirkung bei Abruf und Abrechnung der F\u00f6rdermittel<\/li>\n\n\n\n<li>Herbeif\u00fchrung von komplexen L\u00f6sungen mit Planer*innen und F\u00f6rdergeber*innen<\/li>\n\n\n\n<li>Vorbereitung, Durchf\u00fchrung und Moderation von Steuerungsrunden<\/li>\n\n\n\n<li>Kostencontrolling<\/li>\n\n\n\n<li>Vertrags- und Rechnungsmanagement<\/li>\n\n\n\n<li>Termin\u00fcberwachung<\/li>\n\n\n\n<li>Projektentwicklung- und koordinierung<\/li>\n\n\n\n<li>Risikomanagement<\/li>\n\n\n\n<li>Gesamt\u00fcberwachung der Anforderungen aus dem Erbbaurechtsvertrag<\/li>\n\n\n\n<li>Mitwirkung bei der Vergabe und Abnahme von Bauleistungen<\/li>\n<\/ul>\n\n\n\n<p>Bauherr:in: <a href=\"https:\/\/www.g-casablanca.de\/\" target=\"_blank\" rel=\"noreferrer noopener\">casablanca gGmbH \u2013 Gemeinn\u00fctzige Gesellschaft f\u00fcr innovative Jugendhilfe und soziale Dienste mbH<\/a><br>Ort: Rockenhausener Str. 10, 13583 Berlin (Spandau)<br>Objektplanung: <a href=\"https:\/\/www.a53-architekten.de\" target=\"_blank\" rel=\"noreferrer noopener\">A53 Architekten<\/a> und <a href=\"https:\/\/www.naarchitekten.de\" target=\"_blank\" rel=\"noreferrer noopener\">n+a Architekten<\/a><br>Tragwerksplanung: <a href=\"https:\/\/www.icl-ing.com\" target=\"_blank\" rel=\"noreferrer noopener\">ICL Ingenieur Consult GmbH<\/a><br>TGA-Planung: <a href=\"https:\/\/www.ib-trache.com\/\" target=\"_blank\" rel=\"noreferrer noopener\">IBT Trache GmbH \u2013 Technische Gesamtplanung<\/a><br>Freianlagenplanung: <a href=\"https:\/\/www.wa-la.de\/\" target=\"_blank\" rel=\"noreferrer noopener\">WaLa Landschaftsarchitekten<\/a><br>Nutzung: Kindertagesst\u00e4tte f\u00fcr 105 Kinder, offenes Familienzentrum, Tagesgruppe\/ Sprachf\u00f6rdergruppe, station\u00e4re Kleinkindwohngruppen, betreutes Einzelwohnen Mutter und Kind, ambulante Hilfen zur Erziehung, Kita-Sozialarbeit<br>Nutzfl\u00e4che: 2.800 m\u00b2<br>Baukosten: 14,2 Mio. Euro (KG 200 \u2013 700)<br>Laufzeit Projektsteuerung: seit 2024<br>Baubeginn: Oktober 2025<br>Nutzungsaufnahme geplant: Januar 2028<br>F\u00f6rdermittel: Europa im Quartier (EQ), Lotto-Stiftung (DKLB), Sozialer Zusammenhalt-Baufonds, Kitaausbauprogramm<\/p>\n","protected":false},"excerpt":{"rendered":"<p>In einem neuen Familienf\u00f6rderzentrum in Spandau entstehen dringend ben\u00f6tigte Kitapl\u00e4tze und Angebote zur Familienf\u00f6rderung. Die Finanzierung des sozialwirtschaftlichen Leuchtturmprojekts im Falkenhagener Feld erfolgt mit vier F\u00f6rderprogrammen. Das inklusive Familienf\u00f6rderzentrum \u201eSpekte-Haus\u201c&hellip;<\/p>\n","protected":false},"author":64,"featured_media":3348,"comment_status":"closed","ping_status":"closed","sticky":false,"template":"","format":"standard","meta":{"_acf_changed":false,"_uag_custom_page_level_css":"","footnotes":""},"categories":[35,11],"tags":[],"class_list":["post-1123","post","type-post","status-publish","format-standard","has-post-thumbnail","hentry","category-projekte-ps","category-projektsteuerung"],"acf":[],"yoast_head":"<!-- This site is optimized with the Yoast SEO plugin v27.4 - https:\/\/yoast.com\/product\/yoast-seo-wordpress\/ -->\n<title>Inklusives Familienf\u00f6rderzentrum &quot;Spekte-Haus&quot; - L.I.S.T. GmbH<\/title>\n<meta name=\"robots\" content=\"noindex, follow, max-snippet:-1, max-image-preview:large, max-video-preview:-1\" \/>\n<meta property=\"og:locale\" content=\"de_DE\" \/>\n<meta property=\"og:type\" content=\"article\" \/>\n<meta property=\"og:title\" content=\"Inklusives Familienf\u00f6rderzentrum &quot;Spekte-Haus&quot; - L.I.S.T. GmbH\" \/>\n<meta property=\"og:description\" content=\"In einem neuen Familienf\u00f6rderzentrum in Spandau entstehen dringend ben\u00f6tigte Kitapl\u00e4tze und Angebote zur Familienf\u00f6rderung. Die Finanzierung des sozialwirtschaftlichen Leuchtturmprojekts im Falkenhagener Feld erfolgt mit vier F\u00f6rderprogrammen. Das inklusive Familienf\u00f6rderzentrum \u201eSpekte-Haus\u201c&hellip;\" \/>\n<meta property=\"og:url\" content=\"https:\/\/multisite.list-gmbh.de\/list-gmbh\/1123-familienfoerderzentrum-spektehaus\/\" \/>\n<meta property=\"og:site_name\" content=\"L.I.S.T. GmbH\" \/>\n<meta property=\"article:published_time\" content=\"2025-07-15T13:29:45+00:00\" \/>\n<meta property=\"article:modified_time\" content=\"2025-09-05T16:32:19+00:00\" \/>\n<meta property=\"og:image\" content=\"https:\/\/multisite.list-gmbh.de\/list-gmbh\/wp-content\/uploads\/sites\/9\/2025\/07\/spekte_a43_ansicht-n-o-1-scaled.jpg\" \/>\n\t<meta property=\"og:image:width\" content=\"2560\" \/>\n\t<meta property=\"og:image:height\" content=\"1298\" \/>\n\t<meta property=\"og:image:type\" content=\"image\/jpeg\" \/>\n<meta name=\"author\" content=\"Renate Berg\" \/>\n<meta name=\"twitter:card\" content=\"summary_large_image\" \/>\n<meta name=\"twitter:label1\" content=\"Verfasst von\" \/>\n\t<meta name=\"twitter:data1\" content=\"Renate Berg\" \/>\n\t<meta name=\"twitter:label2\" content=\"Gesch\u00e4tzte Lesezeit\" \/>\n\t<meta name=\"twitter:data2\" content=\"3\u00a0Minuten\" \/>\n<script type=\"application\/ld+json\" class=\"yoast-schema-graph\">{\"@context\":\"https:\\\/\\\/schema.org\",\"@graph\":[{\"@type\":\"Article\",\"@id\":\"https:\\\/\\\/multisite.list-gmbh.de\\\/list-gmbh\\\/1123-familienfoerderzentrum-spektehaus\\\/#article\",\"isPartOf\":{\"@id\":\"https:\\\/\\\/multisite.list-gmbh.de\\\/list-gmbh\\\/1123-familienfoerderzentrum-spektehaus\\\/\"},\"author\":{\"name\":\"Renate Berg\",\"@id\":\"https:\\\/\\\/multisite.list-gmbh.de\\\/list-gmbh\\\/#\\\/schema\\\/person\\\/a39ee0631bb6382232497163a00466d8\"},\"headline\":\"Inklusives Familienf\u00f6rderzentrum &#8222;Spekte-Haus&#8220;\",\"datePublished\":\"2025-07-15T13:29:45+00:00\",\"dateModified\":\"2025-09-05T16:32:19+00:00\",\"mainEntityOfPage\":{\"@id\":\"https:\\\/\\\/multisite.list-gmbh.de\\\/list-gmbh\\\/1123-familienfoerderzentrum-spektehaus\\\/\"},\"wordCount\":394,\"image\":{\"@id\":\"https:\\\/\\\/multisite.list-gmbh.de\\\/list-gmbh\\\/1123-familienfoerderzentrum-spektehaus\\\/#primaryimage\"},\"thumbnailUrl\":\"https:\\\/\\\/multisite.list-gmbh.de\\\/list-gmbh\\\/wp-content\\\/uploads\\\/sites\\\/9\\\/2025\\\/07\\\/spekte_a43_ansicht-n-o-1-scaled.jpg\",\"articleSection\":[\"Projekte PS\",\"Projektsteuerung\"],\"inLanguage\":\"de\"},{\"@type\":\"WebPage\",\"@id\":\"https:\\\/\\\/multisite.list-gmbh.de\\\/list-gmbh\\\/1123-familienfoerderzentrum-spektehaus\\\/\",\"url\":\"https:\\\/\\\/multisite.list-gmbh.de\\\/list-gmbh\\\/1123-familienfoerderzentrum-spektehaus\\\/\",\"name\":\"Inklusives Familienf\u00f6rderzentrum \\\"Spekte-Haus\\\" - L.I.S.T. GmbH\",\"isPartOf\":{\"@id\":\"https:\\\/\\\/multisite.list-gmbh.de\\\/list-gmbh\\\/#website\"},\"primaryImageOfPage\":{\"@id\":\"https:\\\/\\\/multisite.list-gmbh.de\\\/list-gmbh\\\/1123-familienfoerderzentrum-spektehaus\\\/#primaryimage\"},\"image\":{\"@id\":\"https:\\\/\\\/multisite.list-gmbh.de\\\/list-gmbh\\\/1123-familienfoerderzentrum-spektehaus\\\/#primaryimage\"},\"thumbnailUrl\":\"https:\\\/\\\/multisite.list-gmbh.de\\\/list-gmbh\\\/wp-content\\\/uploads\\\/sites\\\/9\\\/2025\\\/07\\\/spekte_a43_ansicht-n-o-1-scaled.jpg\",\"datePublished\":\"2025-07-15T13:29:45+00:00\",\"dateModified\":\"2025-09-05T16:32:19+00:00\",\"author\":{\"@id\":\"https:\\\/\\\/multisite.list-gmbh.de\\\/list-gmbh\\\/#\\\/schema\\\/person\\\/a39ee0631bb6382232497163a00466d8\"},\"breadcrumb\":{\"@id\":\"https:\\\/\\\/multisite.list-gmbh.de\\\/list-gmbh\\\/1123-familienfoerderzentrum-spektehaus\\\/#breadcrumb\"},\"inLanguage\":\"de\",\"potentialAction\":[{\"@type\":\"ReadAction\",\"target\":[\"https:\\\/\\\/multisite.list-gmbh.de\\\/list-gmbh\\\/1123-familienfoerderzentrum-spektehaus\\\/\"]}]},{\"@type\":\"ImageObject\",\"inLanguage\":\"de\",\"@id\":\"https:\\\/\\\/multisite.list-gmbh.de\\\/list-gmbh\\\/1123-familienfoerderzentrum-spektehaus\\\/#primaryimage\",\"url\":\"https:\\\/\\\/multisite.list-gmbh.de\\\/list-gmbh\\\/wp-content\\\/uploads\\\/sites\\\/9\\\/2025\\\/07\\\/spekte_a43_ansicht-n-o-1-scaled.jpg\",\"contentUrl\":\"https:\\\/\\\/multisite.list-gmbh.de\\\/list-gmbh\\\/wp-content\\\/uploads\\\/sites\\\/9\\\/2025\\\/07\\\/spekte_a43_ansicht-n-o-1-scaled.jpg\",\"width\":2560,\"height\":1298},{\"@type\":\"BreadcrumbList\",\"@id\":\"https:\\\/\\\/multisite.list-gmbh.de\\\/list-gmbh\\\/1123-familienfoerderzentrum-spektehaus\\\/#breadcrumb\",\"itemListElement\":[{\"@type\":\"ListItem\",\"position\":1,\"name\":\"Startseite\",\"item\":\"https:\\\/\\\/multisite.list-gmbh.de\\\/list-gmbh\\\/\"},{\"@type\":\"ListItem\",\"position\":2,\"name\":\"Inklusives Familienf\u00f6rderzentrum &#8222;Spekte-Haus&#8220;\"}]},{\"@type\":\"WebSite\",\"@id\":\"https:\\\/\\\/multisite.list-gmbh.de\\\/list-gmbh\\\/#website\",\"url\":\"https:\\\/\\\/multisite.list-gmbh.de\\\/list-gmbh\\\/\",\"name\":\"L.I.S.T. GmbH\",\"description\":\"\",\"potentialAction\":[{\"@type\":\"SearchAction\",\"target\":{\"@type\":\"EntryPoint\",\"urlTemplate\":\"https:\\\/\\\/multisite.list-gmbh.de\\\/list-gmbh\\\/?s={search_term_string}\"},\"query-input\":{\"@type\":\"PropertyValueSpecification\",\"valueRequired\":true,\"valueName\":\"search_term_string\"}}],\"inLanguage\":\"de\"},{\"@type\":\"Person\",\"@id\":\"https:\\\/\\\/multisite.list-gmbh.de\\\/list-gmbh\\\/#\\\/schema\\\/person\\\/a39ee0631bb6382232497163a00466d8\",\"name\":\"Renate Berg\",\"url\":\"https:\\\/\\\/multisite.list-gmbh.de\\\/list-gmbh\\\/author\\\/rberg\\\/\"}]}<\/script>\n<!-- \/ Yoast SEO plugin. -->","yoast_head_json":{"title":"Inklusives Familienf\u00f6rderzentrum \"Spekte-Haus\" - L.I.S.T. GmbH","robots":{"index":"noindex","follow":"follow","max-snippet":"max-snippet:-1","max-image-preview":"max-image-preview:large","max-video-preview":"max-video-preview:-1"},"og_locale":"de_DE","og_type":"article","og_title":"Inklusives Familienf\u00f6rderzentrum \"Spekte-Haus\" - L.I.S.T. GmbH","og_description":"In einem neuen Familienf\u00f6rderzentrum in Spandau entstehen dringend ben\u00f6tigte Kitapl\u00e4tze und Angebote zur Familienf\u00f6rderung. Die Finanzierung des sozialwirtschaftlichen Leuchtturmprojekts im Falkenhagener Feld erfolgt mit vier F\u00f6rderprogrammen. Das inklusive Familienf\u00f6rderzentrum \u201eSpekte-Haus\u201c&hellip;","og_url":"https:\/\/multisite.list-gmbh.de\/list-gmbh\/1123-familienfoerderzentrum-spektehaus\/","og_site_name":"L.I.S.T. GmbH","article_published_time":"2025-07-15T13:29:45+00:00","article_modified_time":"2025-09-05T16:32:19+00:00","og_image":[{"width":2560,"height":1298,"url":"https:\/\/multisite.list-gmbh.de\/list-gmbh\/wp-content\/uploads\/sites\/9\/2025\/07\/spekte_a43_ansicht-n-o-1-scaled.jpg","type":"image\/jpeg"}],"author":"Renate Berg","twitter_card":"summary_large_image","twitter_misc":{"Verfasst von":"Renate Berg","Gesch\u00e4tzte Lesezeit":"3\u00a0Minuten"},"schema":{"@context":"https:\/\/schema.org","@graph":[{"@type":"Article","@id":"https:\/\/multisite.list-gmbh.de\/list-gmbh\/1123-familienfoerderzentrum-spektehaus\/#article","isPartOf":{"@id":"https:\/\/multisite.list-gmbh.de\/list-gmbh\/1123-familienfoerderzentrum-spektehaus\/"},"author":{"name":"Renate Berg","@id":"https:\/\/multisite.list-gmbh.de\/list-gmbh\/#\/schema\/person\/a39ee0631bb6382232497163a00466d8"},"headline":"Inklusives Familienf\u00f6rderzentrum &#8222;Spekte-Haus&#8220;","datePublished":"2025-07-15T13:29:45+00:00","dateModified":"2025-09-05T16:32:19+00:00","mainEntityOfPage":{"@id":"https:\/\/multisite.list-gmbh.de\/list-gmbh\/1123-familienfoerderzentrum-spektehaus\/"},"wordCount":394,"image":{"@id":"https:\/\/multisite.list-gmbh.de\/list-gmbh\/1123-familienfoerderzentrum-spektehaus\/#primaryimage"},"thumbnailUrl":"https:\/\/multisite.list-gmbh.de\/list-gmbh\/wp-content\/uploads\/sites\/9\/2025\/07\/spekte_a43_ansicht-n-o-1-scaled.jpg","articleSection":["Projekte PS","Projektsteuerung"],"inLanguage":"de"},{"@type":"WebPage","@id":"https:\/\/multisite.list-gmbh.de\/list-gmbh\/1123-familienfoerderzentrum-spektehaus\/","url":"https:\/\/multisite.list-gmbh.de\/list-gmbh\/1123-familienfoerderzentrum-spektehaus\/","name":"Inklusives Familienf\u00f6rderzentrum \"Spekte-Haus\" - L.I.S.T. GmbH","isPartOf":{"@id":"https:\/\/multisite.list-gmbh.de\/list-gmbh\/#website"},"primaryImageOfPage":{"@id":"https:\/\/multisite.list-gmbh.de\/list-gmbh\/1123-familienfoerderzentrum-spektehaus\/#primaryimage"},"image":{"@id":"https:\/\/multisite.list-gmbh.de\/list-gmbh\/1123-familienfoerderzentrum-spektehaus\/#primaryimage"},"thumbnailUrl":"https:\/\/multisite.list-gmbh.de\/list-gmbh\/wp-content\/uploads\/sites\/9\/2025\/07\/spekte_a43_ansicht-n-o-1-scaled.jpg","datePublished":"2025-07-15T13:29:45+00:00","dateModified":"2025-09-05T16:32:19+00:00","author":{"@id":"https:\/\/multisite.list-gmbh.de\/list-gmbh\/#\/schema\/person\/a39ee0631bb6382232497163a00466d8"},"breadcrumb":{"@id":"https:\/\/multisite.list-gmbh.de\/list-gmbh\/1123-familienfoerderzentrum-spektehaus\/#breadcrumb"},"inLanguage":"de","potentialAction":[{"@type":"ReadAction","target":["https:\/\/multisite.list-gmbh.de\/list-gmbh\/1123-familienfoerderzentrum-spektehaus\/"]}]},{"@type":"ImageObject","inLanguage":"de","@id":"https:\/\/multisite.list-gmbh.de\/list-gmbh\/1123-familienfoerderzentrum-spektehaus\/#primaryimage","url":"https:\/\/multisite.list-gmbh.de\/list-gmbh\/wp-content\/uploads\/sites\/9\/2025\/07\/spekte_a43_ansicht-n-o-1-scaled.jpg","contentUrl":"https:\/\/multisite.list-gmbh.de\/list-gmbh\/wp-content\/uploads\/sites\/9\/2025\/07\/spekte_a43_ansicht-n-o-1-scaled.jpg","width":2560,"height":1298},{"@type":"BreadcrumbList","@id":"https:\/\/multisite.list-gmbh.de\/list-gmbh\/1123-familienfoerderzentrum-spektehaus\/#breadcrumb","itemListElement":[{"@type":"ListItem","position":1,"name":"Startseite","item":"https:\/\/multisite.list-gmbh.de\/list-gmbh\/"},{"@type":"ListItem","position":2,"name":"Inklusives Familienf\u00f6rderzentrum &#8222;Spekte-Haus&#8220;"}]},{"@type":"WebSite","@id":"https:\/\/multisite.list-gmbh.de\/list-gmbh\/#website","url":"https:\/\/multisite.list-gmbh.de\/list-gmbh\/","name":"L.I.S.T. GmbH","description":"","potentialAction":[{"@type":"SearchAction","target":{"@type":"EntryPoint","urlTemplate":"https:\/\/multisite.list-gmbh.de\/list-gmbh\/?s={search_term_string}"},"query-input":{"@type":"PropertyValueSpecification","valueRequired":true,"valueName":"search_term_string"}}],"inLanguage":"de"},{"@type":"Person","@id":"https:\/\/multisite.list-gmbh.de\/list-gmbh\/#\/schema\/person\/a39ee0631bb6382232497163a00466d8","name":"Renate Berg","url":"https:\/\/multisite.list-gmbh.de\/list-gmbh\/author\/rberg\/"}]}},"spectra_custom_meta":{"_uabb_version":["1.36.10"],"_edit_lock":["1757089940:64"],"_edit_last":["64"],"_yoast_wpseo_primary_category":["11"],"_yoast_wpseo_content_score":["60"],"_yoast_wpseo_estimated-reading-time-minutes":["3"],"_thumbnail_id":["3348"],"_wp_page_template":["default"],"_uag_css_file_name":["uag-css-1123.css"],"_uag_page_assets":["a:9:{s:3:\"css\";s:263:\".uag-blocks-common-selector{z-index:var(--z-index-desktop) !important}@media (max-width: 976px){.uag-blocks-common-selector{z-index:var(--z-index-tablet) !important}}@media (max-width: 767px){.uag-blocks-common-selector{z-index:var(--z-index-mobile) !important}}\n\";s:2:\"js\";s:0:\"\";s:18:\"current_block_list\";a:12:{i:0;s:14:\"core\/paragraph\";i:1;s:10:\"core\/image\";i:2;s:12:\"core\/gallery\";i:3;s:9:\"core\/list\";i:4;s:14:\"core\/list-item\";i:5;s:11:\"core\/search\";i:6;s:10:\"core\/group\";i:7;s:12:\"core\/heading\";i:8;s:17:\"core\/latest-posts\";i:9;s:20:\"core\/latest-comments\";i:10;s:13:\"core\/archives\";i:11;s:15:\"core\/categories\";}s:8:\"uag_flag\";b:0;s:11:\"uag_version\";s:10:\"1777471812\";s:6:\"gfonts\";a:0:{}s:10:\"gfonts_url\";s:0:\"\";s:12:\"gfonts_files\";a:0:{}s:14:\"uag_faq_layout\";b:0;}"]},"uagb_featured_image_src":{"full":["https:\/\/multisite.list-gmbh.de\/list-gmbh\/wp-content\/uploads\/sites\/9\/2025\/07\/spekte_a43_ansicht-n-o-1-scaled.jpg",2560,1298,false],"thumbnail":["https:\/\/multisite.list-gmbh.de\/list-gmbh\/wp-content\/uploads\/sites\/9\/2025\/07\/spekte_a43_ansicht-n-o-1-150x150.jpg",150,150,true],"medium":["https:\/\/multisite.list-gmbh.de\/list-gmbh\/wp-content\/uploads\/sites\/9\/2025\/07\/spekte_a43_ansicht-n-o-1-300x152.jpg",300,152,true],"medium_large":["https:\/\/multisite.list-gmbh.de\/list-gmbh\/wp-content\/uploads\/sites\/9\/2025\/07\/spekte_a43_ansicht-n-o-1-768x389.jpg",768,389,true],"large":["https:\/\/multisite.list-gmbh.de\/list-gmbh\/wp-content\/uploads\/sites\/9\/2025\/07\/spekte_a43_ansicht-n-o-1-1024x519.jpg",1024,519,true],"1536x1536":["https:\/\/multisite.list-gmbh.de\/list-gmbh\/wp-content\/uploads\/sites\/9\/2025\/07\/spekte_a43_ansicht-n-o-1-1536x779.jpg",1536,779,true],"2048x2048":["https:\/\/multisite.list-gmbh.de\/list-gmbh\/wp-content\/uploads\/sites\/9\/2025\/07\/spekte_a43_ansicht-n-o-1-2048x1038.jpg",2048,1038,true],"gform-image-choice-sm":["https:\/\/multisite.list-gmbh.de\/list-gmbh\/wp-content\/uploads\/sites\/9\/2025\/07\/spekte_a43_ansicht-n-o-1-scaled.jpg",300,152,false],"gform-image-choice-md":["https:\/\/multisite.list-gmbh.de\/list-gmbh\/wp-content\/uploads\/sites\/9\/2025\/07\/spekte_a43_ansicht-n-o-1-scaled.jpg",400,203,false],"gform-image-choice-lg":["https:\/\/multisite.list-gmbh.de\/list-gmbh\/wp-content\/uploads\/sites\/9\/2025\/07\/spekte_a43_ansicht-n-o-1-scaled.jpg",600,304,false]},"uagb_author_info":{"display_name":"Renate Berg","author_link":"https:\/\/multisite.list-gmbh.de\/list-gmbh\/author\/rberg\/"},"uagb_comment_info":0,"uagb_excerpt":"In einem neuen Familienf\u00f6rderzentrum in Spandau entstehen dringend ben\u00f6tigte Kitapl\u00e4tze und Angebote zur Familienf\u00f6rderung. Die Finanzierung des sozialwirtschaftlichen Leuchtturmprojekts im Falkenhagener Feld erfolgt mit vier F\u00f6rderprogrammen. Das inklusive Familienf\u00f6rderzentrum \u201eSpekte-Haus\u201c&hellip;","_links":{"self":[{"href":"https:\/\/multisite.list-gmbh.de\/list-gmbh\/wp-json\/wp\/v2\/posts\/1123","targetHints":{"allow":["GET"]}}],"collection":[{"href":"https:\/\/multisite.list-gmbh.de\/list-gmbh\/wp-json\/wp\/v2\/posts"}],"about":[{"href":"https:\/\/multisite.list-gmbh.de\/list-gmbh\/wp-json\/wp\/v2\/types\/post"}],"author":[{"embeddable":true,"href":"https:\/\/multisite.list-gmbh.de\/list-gmbh\/wp-json\/wp\/v2\/users\/64"}],"replies":[{"embeddable":true,"href":"https:\/\/multisite.list-gmbh.de\/list-gmbh\/wp-json\/wp\/v2\/comments?post=1123"}],"version-history":[{"count":9,"href":"https:\/\/multisite.list-gmbh.de\/list-gmbh\/wp-json\/wp\/v2\/posts\/1123\/revisions"}],"predecessor-version":[{"id":3419,"href":"https:\/\/multisite.list-gmbh.de\/list-gmbh\/wp-json\/wp\/v2\/posts\/1123\/revisions\/3419"}],"wp:featuredmedia":[{"embeddable":true,"href":"https:\/\/multisite.list-gmbh.de\/list-gmbh\/wp-json\/wp\/v2\/media\/3348"}],"wp:attachment":[{"href":"https:\/\/multisite.list-gmbh.de\/list-gmbh\/wp-json\/wp\/v2\/media?parent=1123"}],"wp:term":[{"taxonomy":"category","embeddable":true,"href":"https:\/\/multisite.list-gmbh.de\/list-gmbh\/wp-json\/wp\/v2\/categories?post=1123"},{"taxonomy":"post_tag","embeddable":true,"href":"https:\/\/multisite.list-gmbh.de\/list-gmbh\/wp-json\/wp\/v2\/tags?post=1123"}],"curies":[{"name":"wp","href":"https:\/\/api.w.org\/{rel}","templated":true}]}}